{"id":7381,"date":"2023-04-21T13:02:43","date_gmt":"2023-04-21T11:02:43","guid":{"rendered":"https:\/\/www.convegnonazionaleaiic.it\/approccio-teragnostico-nelle-neoplasie-del-retto-trattate-con-radioterapia-ibrida-guidata-dalla-risonanza-magnetica-lo-studio-thunder-2\/"},"modified":"2023-04-21T13:02:43","modified_gmt":"2023-04-21T11:02:43","slug":"approccio-teragnostico-nelle-neoplasie-del-retto-trattate-con-radioterapia-ibrida-guidata-dalla-risonanza-magnetica-lo-studio-thunder-2","status":"publish","type":"post","link":"https:\/\/www.convegnonazionaleaiic.it\/approccio-teragnostico-nelle-neoplasie-del-retto-trattate-con-radioterapia-ibrida-guidata-dalla-risonanza-magnetica-lo-studio-thunder-2\/","title":{"rendered":"APPROCCIO TERAGNOSTICO NELLE NEOPLASIE DEL RETTO TRATTATE CON RADIOTERAPIA IBRIDA GUIDATA DALLA RISONANZA MAGNETICA. LO STUDIO THUNDER-2"},"content":{"rendered":"<div class=\"row\">\n<div class=\"col-md-4\">\n<p><img decoding=\"async\" src=\"https:\/\/sem2000.s3.eu-west-1.amazonaws.com\/OLC\/6243878835313962107318373\/scent\/108735__7jH86S8k.jpg\" alt=\"\" width=\"80%\" \/><img decoding=\"async\" src=\"https:\/\/sem2000.s3.eu-west-1.amazonaws.com\/OLC\/6243878835313962107318373\/scent\/108735__PVPRkX9l.jpg\" alt=\"\" width=\"80%\" \/> <\/p>\n<p><strong><span style=\"color: #bba188;\">AFFILIAZIONE<\/span><br \/>\n<\/strong>fondazione policlinico universitario &#8220;a. gemelli&#8221; irccs<\/p>\n<p><strong><span style=\"color: #bba188;\">AUTORE PRINCIPALE<\/span><br \/>\n<\/strong>Dr. Boldrini Luca<\/p>\n<p>\n<strong><span style=\"color: #bba188;\">VALUTA IL CHALLENGE<\/span><\/strong>[ratingwidget]<\/p>\n<\/div>\n<div class=\"col-md-8\" style=\"border-left: 1px solid; border-color: #005c97;\">\n<p><a name=\"top\"><\/a><\/p>\n<p><strong><span style=\"color: #bba188;\">GRUPPO DI LAVORO<\/span><\/strong><br \/>\n<strong>Dr. Boldrini Luca<\/strong> &#8211; fondazione policlinico universitario &#8220;a. gemelli&#8221; irccs, <i>roma<\/i><br \/> <strong>Dr. Chiloiro Giuditta<\/strong> &#8211; fondazione policlinico universitario &#8220;a. gemelli&#8221; irccs, <i>roma<\/i><br \/> <strong>Dr Cusumano Davide<\/strong> &#8211; fondazione policlinico universitario &#8220;a. gemelli&#8221; irccs, <i>roma<\/i><br \/> <strong>Dr. Romano Angela<\/strong> &#8211; fondazione policlinico universitario &#8220;a. gemelli&#8221; irccs, <i>roma<\/i><br \/> <strong>Dr. Placidi Lorenzo<\/strong> &#8211; fondazione policlinico universitario &#8220;a. gemelli&#8221; irccs, <i>roma<\/i><br \/> <strong>Dr. Nardini Matteo<\/strong> &#8211; fondazione policlinico universitario &#8220;a. gemelli&#8221; irccs, <i>roma<\/i><br \/> <strong>Dr. Meldolesi Elisa<\/strong> &#8211; fondazione policlinico universitario &#8220;a. gemelli&#8221; irccs, <i>roma<\/i><br \/> <strong>Prof Barbaro Brunella<\/strong> &#8211; fondazione policlinico universitario &#8220;a. gemelli&#8221; irccs, <i>roma<\/i><br \/> <strong>Prof. Coco Claudio<\/strong> &#8211; fondazione policlinico universitario &#8220;a. gemelli&#8221; irccs, <i>roma<\/i><br \/> <strong>Prof. Crucitti Antonio<\/strong> &#8211; fondazione policlinico universitario &#8220;a. gemelli&#8221; irccs, <i>roma<\/i><br \/> <strong>Prof Persiani Roberto<\/strong> &#8211; fondazione policlinico universitario &#8220;a. gemelli&#8221; irccs, <i>roma<\/i><br \/> <strong>Dr. Petruzziello Lucio<\/strong> &#8211; fondazione policlinico universitario &#8220;a. gemelli&#8221; irccs, <i>roma<\/i><br \/> <strong>Dr. Ricci Riccardo<\/strong> &#8211; fondazione policlinico universitario &#8220;a. gemelli&#8221; irccs, <i>roma<\/i><br \/> <strong>Dr. Salvatore Lisa<\/strong> &#8211; fondazione policlinico universitario &#8220;a. gemelli&#8221; irccs, <i>roma<\/i><br \/> <strong>Pros Sofo Luigi<\/strong> &#8211; fondazione policlinico universitario &#8220;a. gemelli&#8221; irccs, <i>roma<\/i><br \/> <strong>Prof Alfieri Sergio<\/strong> &#8211; fondazione policlinico universitario &#8220;a. gemelli&#8221; irccs, <i>roma<\/i><br \/> <strong>Prof. Manfredi Riccardo<\/strong> &#8211; fondazione policlinico universitario &#8220;a. gemelli&#8221; irccs, <i>roma<\/i><br \/> <strong>Prof. Sala Evis<\/strong> &#8211; fondazione policlinico universitario &#8220;a. gemelli&#8221; irccs, <i>roma<\/i><br \/> <strong>Prof. Valentini Vincenzo<\/strong> &#8211; fondazione policlinico universitario &#8220;a. gemelli&#8221; irccs, <i>roma<\/i><br \/> <strong>Prof. Gambacorta Maria Antonietta<\/strong> &#8211; fondazione policlinico universitario &#8220;a. gemelli&#8221; irccs, <i>roma<\/i>          <\/p>\n<p><strong><span style=\"color: #bba188;\">AREA TEMATICA<\/span><br \/>\n<\/strong>Applicazioni di intelligenza artificiale in sanit\u00e0<\/p>\n<p><strong><span style=\"color: #bba188;\">ABSTRACT<\/span><br \/>\n<\/strong>La radiochemioterapia neoadiuvante (nCRT) rappresenta lo standard di cura attuale nei pazienti affetti da neoplasie del retto localmente avanzate. \u00c8 noto che la risposta alla radioterapia \u00e8 proporzionale al livello di dose erogato nel tumore del retto. Per questo motivo, un aumento della dose di trattamento pu\u00f2 portare ad un incremento della percentuale di risposta completa, specialmente nei pazienti che non rispondono alle dosi standard.<br \/>\nLa radioterapia ibrida alla risonanza magnetica offre la possibilit\u00e0 di visualizzare i volumi di terapia in modo molto dettagliato e di realizzare piani di trattamento personalizzati prima di ogni frazione di terapia: vantaggi impossibili da ottenere con apparecchi tradizionali.<br \/>\nLo studio THUNDER2 si propone di aumentare il tasso di risposta completa nei pazienti affetti da neoplasie del retto localmente avanzate cT2-3, N0-2 o cT4 utilizzando un acceleratore lineare ibrido ad uno scanner di risonanza magnetica da 0.35T.<br \/>\nQuesto studio valuta l&#8217;impatto dell\u2019incremento di dose nei pazienti considerati scarsamente responsivi al trattamento, con l&#8217;obiettivo di aumentare la probabilit\u00e0 di risposta completa ed evitare il trattamento chirurgico.<br \/>\nIl trattamento ncRT previsto consiste nella somministrazione di 55 Gy in 25 frazioni sul volume tumorale macroscopico (GTV) pi\u00f9 il mesoretto corrispondente e 45 Gy in 25 frazioni sui linfonodi di drenaggio. La chemioterapia concomitante prevede con 5-fluorouracile (5-FU) o capecitabina orale verr\u00e0 somministrata.<br \/>\nDurante il trattamento viene applicato, per la prima volta nel mondo, un modello predittivo basato sulla radiomica che predice la risposta del singolo paziente tramite un indice precoce di regressione tumorale (ERI).<br \/>\nTale indice viene calcolato alla seconda settimana di trattamento delle cinque previste. Se esso risulta inferiore ad un valore di 13.1, il paziente continuer\u00e0 il trattamento standard; se invece sar\u00e0 superiore a 13.1, il piano di trattamento verr\u00e0 riottimizzato mediante tecniche \u201conline adaptive\u201d intensificando la dose al tumore residuo per raggiungere i 60.1 Gy (5.1 Gy in pi\u00f9 della dose standard).<br \/>\nAlla fine della ncRT, il paziente viene sottoposto a chirurgia in caso di malattia stabile o progressione.<br \/>\nIn caso invece di risposta completa o maggiore, saranno preferiti approcci non chirurgici.<br \/>\nSono stati ad oggi arruolati 43 pazienti sul campione calcolato di 63 ed i risultati ottenuti sono incoraggianti con un aumento della risposta di circa il doppio dello standard.<\/p>\n<p>&nbsp;<\/p>\n<p><iframe style=\"border: 1px solid #CCC; border-width: 1px; margin-bottom: 5px; max-width: 100%;\" src=\"\" width=\"554\" height=\"459\" frameborder=\"0\" marginwidth=\"0\" marginheight=\"0\" scrolling=\"no\" allowfullscreen=\"allowfullscreen\"> <\/iframe><\/p>\n<p>&nbsp;<\/p>\n<p><strong><span style=\"color: #003366;\"><a style=\"color: #003366; text-decoration: underline;\" href=\"#top\">Torna su \u00bb<\/a><\/span><br \/>\n<\/strong><\/p>\n<\/div>\n<\/div>\n","protected":false},"excerpt":{"rendered":"<p>AFFILIAZIONE fondazione policlinico universitario &#8220;a. gemelli&#8221; irccs AUTORE PRINCIPALE Dr. Boldrini Luca VALUTA IL CHALLENGE[ratingwidget] GRUPPO DI LAVORO Dr. Boldrini Luca &#8211; fondazione policlinico universitario &#8220;a. gemelli&#8221; irccs, roma Dr. Chiloiro Giuditta &#8211; fondazione policlinico universitario &#8220;a. gemelli&#8221; irccs, roma Dr Cusumano Davide &#8211; fondazione policlinico universitario &#8220;a. gemelli&#8221; irccs, roma Dr. Romano Angela &#8211; &hellip; <\/p>\n<p><a class=\"more-link btn\" href=\"https:\/\/www.convegnonazionaleaiic.it\/approccio-teragnostico-nelle-neoplasie-del-retto-trattate-con-radioterapia-ibrida-guidata-dalla-risonanza-magnetica-lo-studio-thunder-2\/\">Continue reading &raquo;<\/a><\/p>\n","protected":false},"author":1,"featured_media":0,"comment_status":"open","ping_status":"open","sticky":false,"template":"","format":"standard","meta":{"_monsterinsights_skip_tracking":false,"_monsterinsights_sitenote_active":false,"_monsterinsights_sitenote_note":"","_monsterinsights_sitenote_category":0},"categories":[39],"tags":[],"yoast_head":"<!-- This site is optimized with the Yoast SEO plugin v21.8.1 - https:\/\/yoast.com\/wordpress\/plugins\/seo\/ -->\n<title>APPROCCIO TERAGNOSTICO NELLE NEOPLASIE DEL RETTO TRATTATE CON RADIOTERAPIA IBRIDA GUIDATA DALLA RISONANZA MAGNETICA. LO STUDIO THUNDER-2 - Convegno Nazionale AIIC<\/title>\n<meta name=\"robots\" content=\"index, follow, max-snippet:-1, max-image-preview:large, max-video-preview:-1\" \/>\n<link rel=\"canonical\" href=\"https:\/\/www.convegnonazionaleaiic.it\/approccio-teragnostico-nelle-neoplasie-del-retto-trattate-con-radioterapia-ibrida-guidata-dalla-risonanza-magnetica-lo-studio-thunder-2\/\" \/>\n<meta property=\"og:locale\" content=\"it_IT\" \/>\n<meta property=\"og:type\" content=\"article\" \/>\n<meta property=\"og:title\" content=\"APPROCCIO TERAGNOSTICO NELLE NEOPLASIE DEL RETTO TRATTATE CON RADIOTERAPIA IBRIDA GUIDATA DALLA RISONANZA MAGNETICA. LO STUDIO THUNDER-2 - Convegno Nazionale AIIC\" \/>\n<meta property=\"og:description\" content=\"AFFILIAZIONE fondazione policlinico universitario &#8220;a. gemelli&#8221; irccs AUTORE PRINCIPALE Dr. Boldrini Luca VALUTA IL CHALLENGE[ratingwidget] GRUPPO DI LAVORO Dr. Boldrini Luca &#8211; fondazione policlinico universitario &#8220;a. gemelli&#8221; irccs, roma Dr. Chiloiro Giuditta &#8211; fondazione policlinico universitario &#8220;a. gemelli&#8221; irccs, roma Dr Cusumano Davide &#8211; fondazione policlinico universitario &#8220;a. gemelli&#8221; irccs, roma Dr. Romano Angela &#8211; &hellip; Continue reading &raquo;\" \/>\n<meta property=\"og:url\" content=\"https:\/\/www.convegnonazionaleaiic.it\/approccio-teragnostico-nelle-neoplasie-del-retto-trattate-con-radioterapia-ibrida-guidata-dalla-risonanza-magnetica-lo-studio-thunder-2\/\" \/>\n<meta property=\"og:site_name\" content=\"Convegno Nazionale AIIC\" \/>\n<meta property=\"article:published_time\" content=\"2023-04-21T11:02:43+00:00\" \/>\n<meta property=\"og:image\" content=\"https:\/\/sem2000.s3.eu-west-1.amazonaws.com\/OLC\/6243878835313962107318373\/scent\/108735__7jH86S8k.jpg\" \/>\n<meta name=\"author\" content=\"algores\" \/>\n<meta name=\"twitter:card\" content=\"summary_large_image\" \/>\n<meta name=\"twitter:label1\" content=\"Scritto da\" \/>\n\t<meta name=\"twitter:data1\" content=\"algores\" \/>\n\t<meta name=\"twitter:label2\" content=\"Tempo di lettura stimato\" \/>\n\t<meta name=\"twitter:data2\" content=\"3 minuti\" \/>\n<script type=\"application\/ld+json\" class=\"yoast-schema-graph\">{\"@context\":\"https:\/\/schema.org\",\"@graph\":[{\"@type\":\"WebPage\",\"@id\":\"https:\/\/www.convegnonazionaleaiic.it\/approccio-teragnostico-nelle-neoplasie-del-retto-trattate-con-radioterapia-ibrida-guidata-dalla-risonanza-magnetica-lo-studio-thunder-2\/\",\"url\":\"https:\/\/www.convegnonazionaleaiic.it\/approccio-teragnostico-nelle-neoplasie-del-retto-trattate-con-radioterapia-ibrida-guidata-dalla-risonanza-magnetica-lo-studio-thunder-2\/\",\"name\":\"APPROCCIO TERAGNOSTICO NELLE NEOPLASIE DEL RETTO TRATTATE CON RADIOTERAPIA IBRIDA GUIDATA DALLA RISONANZA MAGNETICA. LO STUDIO THUNDER-2 - Convegno Nazionale AIIC\",\"isPartOf\":{\"@id\":\"https:\/\/www.convegnonazionaleaiic.it\/#website\"},\"datePublished\":\"2023-04-21T11:02:43+00:00\",\"dateModified\":\"2023-04-21T11:02:43+00:00\",\"author\":{\"@id\":\"https:\/\/www.convegnonazionaleaiic.it\/#\/schema\/person\/e0ef119b65a94b11c87834cb0d995bd8\"},\"breadcrumb\":{\"@id\":\"https:\/\/www.convegnonazionaleaiic.it\/approccio-teragnostico-nelle-neoplasie-del-retto-trattate-con-radioterapia-ibrida-guidata-dalla-risonanza-magnetica-lo-studio-thunder-2\/#breadcrumb\"},\"inLanguage\":\"it-IT\",\"potentialAction\":[{\"@type\":\"ReadAction\",\"target\":[\"https:\/\/www.convegnonazionaleaiic.it\/approccio-teragnostico-nelle-neoplasie-del-retto-trattate-con-radioterapia-ibrida-guidata-dalla-risonanza-magnetica-lo-studio-thunder-2\/\"]}]},{\"@type\":\"BreadcrumbList\",\"@id\":\"https:\/\/www.convegnonazionaleaiic.it\/approccio-teragnostico-nelle-neoplasie-del-retto-trattate-con-radioterapia-ibrida-guidata-dalla-risonanza-magnetica-lo-studio-thunder-2\/#breadcrumb\",\"itemListElement\":[{\"@type\":\"ListItem\",\"position\":1,\"name\":\"Home\",\"item\":\"https:\/\/www.convegnonazionaleaiic.it\/\"},{\"@type\":\"ListItem\",\"position\":2,\"name\":\"APPROCCIO TERAGNOSTICO NELLE NEOPLASIE DEL RETTO TRATTATE CON RADIOTERAPIA IBRIDA GUIDATA DALLA RISONANZA MAGNETICA. LO STUDIO THUNDER-2\"}]},{\"@type\":\"WebSite\",\"@id\":\"https:\/\/www.convegnonazionaleaiic.it\/#website\",\"url\":\"https:\/\/www.convegnonazionaleaiic.it\/\",\"name\":\"Convegno Nazionale AIIC\",\"description\":\"AIIC 2023 - Convegno Nazionale Associazione Italiana Ingegneri Clinici\",\"potentialAction\":[{\"@type\":\"SearchAction\",\"target\":{\"@type\":\"EntryPoint\",\"urlTemplate\":\"https:\/\/www.convegnonazionaleaiic.it\/?s={search_term_string}\"},\"query-input\":\"required name=search_term_string\"}],\"inLanguage\":\"it-IT\"},{\"@type\":\"Person\",\"@id\":\"https:\/\/www.convegnonazionaleaiic.it\/#\/schema\/person\/e0ef119b65a94b11c87834cb0d995bd8\",\"name\":\"algores\",\"image\":{\"@type\":\"ImageObject\",\"inLanguage\":\"it-IT\",\"@id\":\"https:\/\/www.convegnonazionaleaiic.it\/#\/schema\/person\/image\/\",\"url\":\"https:\/\/secure.gravatar.com\/avatar\/7996c5661c3d5749668b37cc47a67bc4?s=96&d=mm&r=g\",\"contentUrl\":\"https:\/\/secure.gravatar.com\/avatar\/7996c5661c3d5749668b37cc47a67bc4?s=96&d=mm&r=g\",\"caption\":\"algores\"},\"url\":\"https:\/\/www.convegnonazionaleaiic.it\/author\/algores\/\"}]}<\/script>\n<!-- \/ Yoast SEO plugin. -->","yoast_head_json":{"title":"APPROCCIO TERAGNOSTICO NELLE NEOPLASIE DEL RETTO TRATTATE CON RADIOTERAPIA IBRIDA GUIDATA DALLA RISONANZA MAGNETICA. LO STUDIO THUNDER-2 - Convegno Nazionale AIIC","robots":{"index":"index","follow":"follow","max-snippet":"max-snippet:-1","max-image-preview":"max-image-preview:large","max-video-preview":"max-video-preview:-1"},"canonical":"https:\/\/www.convegnonazionaleaiic.it\/approccio-teragnostico-nelle-neoplasie-del-retto-trattate-con-radioterapia-ibrida-guidata-dalla-risonanza-magnetica-lo-studio-thunder-2\/","og_locale":"it_IT","og_type":"article","og_title":"APPROCCIO TERAGNOSTICO NELLE NEOPLASIE DEL RETTO TRATTATE CON RADIOTERAPIA IBRIDA GUIDATA DALLA RISONANZA MAGNETICA. LO STUDIO THUNDER-2 - Convegno Nazionale AIIC","og_description":"AFFILIAZIONE fondazione policlinico universitario &#8220;a. gemelli&#8221; irccs AUTORE PRINCIPALE Dr. Boldrini Luca VALUTA IL CHALLENGE[ratingwidget] GRUPPO DI LAVORO Dr. Boldrini Luca &#8211; fondazione policlinico universitario &#8220;a. gemelli&#8221; irccs, roma Dr. Chiloiro Giuditta &#8211; fondazione policlinico universitario &#8220;a. gemelli&#8221; irccs, roma Dr Cusumano Davide &#8211; fondazione policlinico universitario &#8220;a. gemelli&#8221; irccs, roma Dr. Romano Angela &#8211; &hellip; Continue reading &raquo;","og_url":"https:\/\/www.convegnonazionaleaiic.it\/approccio-teragnostico-nelle-neoplasie-del-retto-trattate-con-radioterapia-ibrida-guidata-dalla-risonanza-magnetica-lo-studio-thunder-2\/","og_site_name":"Convegno Nazionale AIIC","article_published_time":"2023-04-21T11:02:43+00:00","og_image":[{"url":"https:\/\/sem2000.s3.eu-west-1.amazonaws.com\/OLC\/6243878835313962107318373\/scent\/108735__7jH86S8k.jpg"}],"author":"algores","twitter_card":"summary_large_image","twitter_misc":{"Scritto da":"algores","Tempo di lettura stimato":"3 minuti"},"schema":{"@context":"https:\/\/schema.org","@graph":[{"@type":"WebPage","@id":"https:\/\/www.convegnonazionaleaiic.it\/approccio-teragnostico-nelle-neoplasie-del-retto-trattate-con-radioterapia-ibrida-guidata-dalla-risonanza-magnetica-lo-studio-thunder-2\/","url":"https:\/\/www.convegnonazionaleaiic.it\/approccio-teragnostico-nelle-neoplasie-del-retto-trattate-con-radioterapia-ibrida-guidata-dalla-risonanza-magnetica-lo-studio-thunder-2\/","name":"APPROCCIO TERAGNOSTICO NELLE NEOPLASIE DEL RETTO TRATTATE CON RADIOTERAPIA IBRIDA GUIDATA DALLA RISONANZA MAGNETICA. LO STUDIO THUNDER-2 - Convegno Nazionale AIIC","isPartOf":{"@id":"https:\/\/www.convegnonazionaleaiic.it\/#website"},"datePublished":"2023-04-21T11:02:43+00:00","dateModified":"2023-04-21T11:02:43+00:00","author":{"@id":"https:\/\/www.convegnonazionaleaiic.it\/#\/schema\/person\/e0ef119b65a94b11c87834cb0d995bd8"},"breadcrumb":{"@id":"https:\/\/www.convegnonazionaleaiic.it\/approccio-teragnostico-nelle-neoplasie-del-retto-trattate-con-radioterapia-ibrida-guidata-dalla-risonanza-magnetica-lo-studio-thunder-2\/#breadcrumb"},"inLanguage":"it-IT","potentialAction":[{"@type":"ReadAction","target":["https:\/\/www.convegnonazionaleaiic.it\/approccio-teragnostico-nelle-neoplasie-del-retto-trattate-con-radioterapia-ibrida-guidata-dalla-risonanza-magnetica-lo-studio-thunder-2\/"]}]},{"@type":"BreadcrumbList","@id":"https:\/\/www.convegnonazionaleaiic.it\/approccio-teragnostico-nelle-neoplasie-del-retto-trattate-con-radioterapia-ibrida-guidata-dalla-risonanza-magnetica-lo-studio-thunder-2\/#breadcrumb","itemListElement":[{"@type":"ListItem","position":1,"name":"Home","item":"https:\/\/www.convegnonazionaleaiic.it\/"},{"@type":"ListItem","position":2,"name":"APPROCCIO TERAGNOSTICO NELLE NEOPLASIE DEL RETTO TRATTATE CON RADIOTERAPIA IBRIDA GUIDATA DALLA RISONANZA MAGNETICA. LO STUDIO THUNDER-2"}]},{"@type":"WebSite","@id":"https:\/\/www.convegnonazionaleaiic.it\/#website","url":"https:\/\/www.convegnonazionaleaiic.it\/","name":"Convegno Nazionale AIIC","description":"AIIC 2023 - Convegno Nazionale Associazione Italiana Ingegneri Clinici","potentialAction":[{"@type":"SearchAction","target":{"@type":"EntryPoint","urlTemplate":"https:\/\/www.convegnonazionaleaiic.it\/?s={search_term_string}"},"query-input":"required name=search_term_string"}],"inLanguage":"it-IT"},{"@type":"Person","@id":"https:\/\/www.convegnonazionaleaiic.it\/#\/schema\/person\/e0ef119b65a94b11c87834cb0d995bd8","name":"algores","image":{"@type":"ImageObject","inLanguage":"it-IT","@id":"https:\/\/www.convegnonazionaleaiic.it\/#\/schema\/person\/image\/","url":"https:\/\/secure.gravatar.com\/avatar\/7996c5661c3d5749668b37cc47a67bc4?s=96&d=mm&r=g","contentUrl":"https:\/\/secure.gravatar.com\/avatar\/7996c5661c3d5749668b37cc47a67bc4?s=96&d=mm&r=g","caption":"algores"},"url":"https:\/\/www.convegnonazionaleaiic.it\/author\/algores\/"}]}},"_links":{"self":[{"href":"https:\/\/www.convegnonazionaleaiic.it\/wp-json\/wp\/v2\/posts\/7381"}],"collection":[{"href":"https:\/\/www.convegnonazionaleaiic.it\/wp-json\/wp\/v2\/posts"}],"about":[{"href":"https:\/\/www.convegnonazionaleaiic.it\/wp-json\/wp\/v2\/types\/post"}],"author":[{"embeddable":true,"href":"https:\/\/www.convegnonazionaleaiic.it\/wp-json\/wp\/v2\/users\/1"}],"replies":[{"embeddable":true,"href":"https:\/\/www.convegnonazionaleaiic.it\/wp-json\/wp\/v2\/comments?post=7381"}],"version-history":[{"count":0,"href":"https:\/\/www.convegnonazionaleaiic.it\/wp-json\/wp\/v2\/posts\/7381\/revisions"}],"wp:attachment":[{"href":"https:\/\/www.convegnonazionaleaiic.it\/wp-json\/wp\/v2\/media?parent=7381"}],"wp:term":[{"taxonomy":"category","embeddable":true,"href":"https:\/\/www.convegnonazionaleaiic.it\/wp-json\/wp\/v2\/categories?post=7381"},{"taxonomy":"post_tag","embeddable":true,"href":"https:\/\/www.convegnonazionaleaiic.it\/wp-json\/wp\/v2\/tags?post=7381"}],"curies":[{"name":"wp","href":"https:\/\/api.w.org\/{rel}","templated":true}]}}