{"id":7374,"date":"2023-04-21T13:02:43","date_gmt":"2023-04-21T11:02:43","guid":{"rendered":"https:\/\/www.convegnonazionaleaiic.it\/analisi-delle-relazioni-tra-le-caratteristiche-della-personalita-ed-i-parametri-cinematici-della-scrittura\/"},"modified":"2023-04-21T13:02:43","modified_gmt":"2023-04-21T11:02:43","slug":"analisi-delle-relazioni-tra-le-caratteristiche-della-personalita-ed-i-parametri-cinematici-della-scrittura","status":"publish","type":"post","link":"https:\/\/www.convegnonazionaleaiic.it\/analisi-delle-relazioni-tra-le-caratteristiche-della-personalita-ed-i-parametri-cinematici-della-scrittura\/","title":{"rendered":"ANALISI DELLE RELAZIONI TRA LE CARATTERISTICHE DELLA PERSONALIT\u00c0 ED I PARAMETRI CINEMATICI DELLA SCRITTURA"},"content":{"rendered":"<div class=\"row\">\n<div class=\"col-md-4\">\n<p><img decoding=\"async\" src=\"https:\/\/sem2000.s3.eu-west-1.amazonaws.com\/OLC\/6243878835313962107318373\/scent\/108475__sEtKzhkS.jpg\" alt=\"\" width=\"80%\" \/><img decoding=\"async\" src=\"https:\/\/sem2000.s3.eu-west-1.amazonaws.com\/OLC\/6243878835313962107318373\/scent\/108475__SAHWg7Rz.jpg\" alt=\"\" width=\"80%\" \/> <\/p>\n<p><strong><span style=\"color: #bba188;\">AFFILIAZIONE<\/span><br \/>\n<\/strong>universit\u00e0 di trieste<\/p>\n<p><strong><span style=\"color: #bba188;\">AUTORE PRINCIPALE<\/span><br \/>\n<\/strong>Dr. Bassi Francesco<\/p>\n<p>\n<strong><span style=\"color: #bba188;\">VALUTA IL CHALLENGE<\/span><\/strong>[ratingwidget]<\/p>\n<\/div>\n<div class=\"col-md-8\" style=\"border-left: 1px solid; border-color: #005c97;\">\n<p><a name=\"top\"><\/a><\/p>\n<p><strong><span style=\"color: #bba188;\">GRUPPO DI LAVORO<\/span><\/strong><br \/>\n<strong>Dr. Bassi Francesco<\/strong> &#8211; universit\u00e0 di trieste, <i>trieste<\/i><br \/> <strong>Dr Raffini Alessandra<\/strong> &#8211; universit\u00e0 di trieste, <i>trieste<\/i><br \/> <strong>Prof. Ajcevic Milos<\/strong> &#8211; universit\u00e0 di trieste, <i>trieste<\/i><br \/> <strong>Prof. Accardo Agostino<\/strong> &#8211; universit\u00e0 di trieste, <i>trieste<\/i>                          <\/p>\n<p><strong><span style=\"color: #bba188;\">AREA TEMATICA<\/span><br \/>\n<\/strong>Applicazioni di intelligenza artificiale in sanit\u00e0<\/p>\n<p><strong><span style=\"color: #bba188;\">ABSTRACT<\/span><br \/>\n<\/strong>Lo studio della personalit\u00e0 avviene secondo cinque domini, e si avvale di una serie di test per valutare i relativi tratti caratteristici. Rifacendosi al modello Big-five, quello maggiormente utilizzato nella pratica, la letteratura riporta alcuni studi che legano una serie di caratteristiche grafiche della scrittura ai tratti della personalit\u00e0.<br \/>\nD\u2019altra parte, oltre agli aspetti grafici, grazie all\u2019utilizzo di apposite tavolette grafiche abbinate a penne in grado di scrivere su normali fogli di carta, \u00e8 oggi possibile estrarre dalla scrittura anche parametri legati alla cinematica.<br \/>\nIl presente studio ha preso in considerazione parametri cinematici legati alla cinematica della scrittura quali la durata, la lunghezza media, la velocit\u00e0 massima e il numero degli stroke (tratti compresi tra due minimi di velocit\u00e0), la velocit\u00e0, la lunghezza percorsa e la pressione media lungo il tracciato, la durata totale dei tratti in aria. Lo scopo era quello di individuare la presenza di eventuali correlazioni tra i cinque domini della personalit\u00e0 e queste caratteristiche cinematiche rilevate su soggetti sani.<br \/>\nSessanta soggetti di et\u00e0 compresa fra i 21 ed i 54 anni eseguirono tre test di scrittura (riproduzione in corsivo veloce ed accurato di una frase e della sequenza lelele) acquisiti mediante tavoletta grafica ed il test big five. Si sono quindi calcolate le rette di regressione delle relazioni che legano ciascuno dei cinque valori del test della personalit\u00e0 con ciascuna delle 14 caratteristiche cinematiche della scrittura, identificando quelle per le quali il legame risultava significativo. Tali caratteristiche sono state quindi inserite in un modello basato su Intelligenza Artificiale al fine di predire i domini della personalit\u00e0.<br \/>\nI risultati mostrano che la Coscienziosit\u00e0, l\u2019Apertura e l\u2019Estroversione presentano un legame significativo con otto parametri cinematici cos\u00ec come la Gradevolezza con la pressione media.  Nonostante la significativit\u00e0 di queste relazioni, in tutti i casi \u00e8 comunque presente una grande variabilit\u00e0 intersoggettiva che comporta limitati valori del coefficiente di correlazione (<45%). Il modello di I.A. presenta risultati analoghi.\nI risultati di questo studio, seppur limitati dalla grande variabilit\u00e0 tra i soggetti, hanno permesso di individuare legami significativi tra parametri cinematici e i domini della personalit\u00e0, relazioni che andranno approfondite con futuri studi su campioni di popolazione pi\u00f9 rilevanti e su ulteriori modelli di I.A.<\/p>\n<p>&nbsp;<\/p>\n<p><iframe style=\"border: 1px solid #CCC; border-width: 1px; margin-bottom: 5px; max-width: 100%;\" src=\"https:\/\/www.slideshare.net\/slideshow\/embed_code\/key\/AyzCK3urlkbeEm\" width=\"554\" height=\"459\" frameborder=\"0\" marginwidth=\"0\" marginheight=\"0\" scrolling=\"no\" allowfullscreen=\"allowfullscreen\"> <\/iframe><\/p>\n<p>&nbsp;<\/p>\n<p><strong><span style=\"color: #003366;\"><a style=\"color: #003366; text-decoration: underline;\" href=\"#top\">Torna su \u00bb<\/a><\/span><br \/>\n<\/strong><\/p>\n<\/div>\n<\/div>\n","protected":false},"excerpt":{"rendered":"<p>AFFILIAZIONE universit\u00e0 di trieste AUTORE PRINCIPALE Dr. Bassi Francesco VALUTA IL CHALLENGE[ratingwidget] GRUPPO DI LAVORO Dr. Bassi Francesco &#8211; universit\u00e0 di trieste, trieste Dr Raffini Alessandra &#8211; universit\u00e0 di trieste, trieste Prof. Ajcevic Milos &#8211; universit\u00e0 di trieste, trieste Prof. Accardo Agostino &#8211; universit\u00e0 di trieste, trieste AREA TEMATICA Applicazioni di intelligenza artificiale in sanit\u00e0 &hellip; <\/p>\n<p><a class=\"more-link btn\" href=\"https:\/\/www.convegnonazionaleaiic.it\/analisi-delle-relazioni-tra-le-caratteristiche-della-personalita-ed-i-parametri-cinematici-della-scrittura\/\">Continue reading &raquo;<\/a><\/p>\n","protected":false},"author":1,"featured_media":0,"comment_status":"open","ping_status":"open","sticky":false,"template":"","format":"standard","meta":{"_monsterinsights_skip_tracking":false,"_monsterinsights_sitenote_active":false,"_monsterinsights_sitenote_note":"","_monsterinsights_sitenote_category":0},"categories":[39],"tags":[],"yoast_head":"<!-- This site is optimized with the Yoast SEO plugin v21.8.1 - https:\/\/yoast.com\/wordpress\/plugins\/seo\/ -->\n<title>ANALISI DELLE RELAZIONI TRA LE CARATTERISTICHE DELLA PERSONALIT\u00c0 ED I PARAMETRI CINEMATICI DELLA SCRITTURA - Convegno Nazionale AIIC<\/title>\n<meta name=\"robots\" content=\"index, follow, max-snippet:-1, max-image-preview:large, max-video-preview:-1\" \/>\n<link rel=\"canonical\" href=\"https:\/\/www.convegnonazionaleaiic.it\/analisi-delle-relazioni-tra-le-caratteristiche-della-personalita-ed-i-parametri-cinematici-della-scrittura\/\" \/>\n<meta property=\"og:locale\" content=\"it_IT\" \/>\n<meta property=\"og:type\" content=\"article\" \/>\n<meta property=\"og:title\" content=\"ANALISI DELLE RELAZIONI TRA LE CARATTERISTICHE DELLA PERSONALIT\u00c0 ED I PARAMETRI CINEMATICI DELLA SCRITTURA - Convegno Nazionale AIIC\" \/>\n<meta property=\"og:description\" content=\"AFFILIAZIONE universit\u00e0 di trieste AUTORE PRINCIPALE Dr. Bassi Francesco VALUTA IL CHALLENGE[ratingwidget] GRUPPO DI LAVORO Dr. Bassi Francesco &#8211; universit\u00e0 di trieste, trieste Dr Raffini Alessandra &#8211; universit\u00e0 di trieste, trieste Prof. Ajcevic Milos &#8211; universit\u00e0 di trieste, trieste Prof. Accardo Agostino &#8211; universit\u00e0 di trieste, trieste AREA TEMATICA Applicazioni di intelligenza artificiale in sanit\u00e0 &hellip; Continue reading &raquo;\" \/>\n<meta property=\"og:url\" content=\"https:\/\/www.convegnonazionaleaiic.it\/analisi-delle-relazioni-tra-le-caratteristiche-della-personalita-ed-i-parametri-cinematici-della-scrittura\/\" \/>\n<meta property=\"og:site_name\" content=\"Convegno Nazionale AIIC\" \/>\n<meta property=\"article:published_time\" content=\"2023-04-21T11:02:43+00:00\" \/>\n<meta property=\"og:image\" content=\"https:\/\/sem2000.s3.eu-west-1.amazonaws.com\/OLC\/6243878835313962107318373\/scent\/108475__sEtKzhkS.jpg\" \/>\n<meta name=\"author\" content=\"algores\" \/>\n<meta name=\"twitter:card\" content=\"summary_large_image\" \/>\n<meta name=\"twitter:label1\" content=\"Scritto da\" \/>\n\t<meta name=\"twitter:data1\" content=\"algores\" \/>\n\t<meta name=\"twitter:label2\" content=\"Tempo di lettura stimato\" \/>\n\t<meta name=\"twitter:data2\" content=\"2 minuti\" \/>\n<script type=\"application\/ld+json\" class=\"yoast-schema-graph\">{\"@context\":\"https:\/\/schema.org\",\"@graph\":[{\"@type\":\"WebPage\",\"@id\":\"https:\/\/www.convegnonazionaleaiic.it\/analisi-delle-relazioni-tra-le-caratteristiche-della-personalita-ed-i-parametri-cinematici-della-scrittura\/\",\"url\":\"https:\/\/www.convegnonazionaleaiic.it\/analisi-delle-relazioni-tra-le-caratteristiche-della-personalita-ed-i-parametri-cinematici-della-scrittura\/\",\"name\":\"ANALISI DELLE RELAZIONI TRA LE CARATTERISTICHE DELLA PERSONALIT\u00c0 ED I PARAMETRI CINEMATICI DELLA SCRITTURA - Convegno Nazionale AIIC\",\"isPartOf\":{\"@id\":\"https:\/\/www.convegnonazionaleaiic.it\/#website\"},\"datePublished\":\"2023-04-21T11:02:43+00:00\",\"dateModified\":\"2023-04-21T11:02:43+00:00\",\"author\":{\"@id\":\"https:\/\/www.convegnonazionaleaiic.it\/#\/schema\/person\/e0ef119b65a94b11c87834cb0d995bd8\"},\"breadcrumb\":{\"@id\":\"https:\/\/www.convegnonazionaleaiic.it\/analisi-delle-relazioni-tra-le-caratteristiche-della-personalita-ed-i-parametri-cinematici-della-scrittura\/#breadcrumb\"},\"inLanguage\":\"it-IT\",\"potentialAction\":[{\"@type\":\"ReadAction\",\"target\":[\"https:\/\/www.convegnonazionaleaiic.it\/analisi-delle-relazioni-tra-le-caratteristiche-della-personalita-ed-i-parametri-cinematici-della-scrittura\/\"]}]},{\"@type\":\"BreadcrumbList\",\"@id\":\"https:\/\/www.convegnonazionaleaiic.it\/analisi-delle-relazioni-tra-le-caratteristiche-della-personalita-ed-i-parametri-cinematici-della-scrittura\/#breadcrumb\",\"itemListElement\":[{\"@type\":\"ListItem\",\"position\":1,\"name\":\"Home\",\"item\":\"https:\/\/www.convegnonazionaleaiic.it\/\"},{\"@type\":\"ListItem\",\"position\":2,\"name\":\"ANALISI DELLE RELAZIONI TRA LE CARATTERISTICHE DELLA PERSONALIT\u00c0 ED I PARAMETRI CINEMATICI DELLA SCRITTURA\"}]},{\"@type\":\"WebSite\",\"@id\":\"https:\/\/www.convegnonazionaleaiic.it\/#website\",\"url\":\"https:\/\/www.convegnonazionaleaiic.it\/\",\"name\":\"Convegno Nazionale AIIC\",\"description\":\"AIIC 2023 - Convegno Nazionale Associazione Italiana Ingegneri Clinici\",\"potentialAction\":[{\"@type\":\"SearchAction\",\"target\":{\"@type\":\"EntryPoint\",\"urlTemplate\":\"https:\/\/www.convegnonazionaleaiic.it\/?s={search_term_string}\"},\"query-input\":\"required name=search_term_string\"}],\"inLanguage\":\"it-IT\"},{\"@type\":\"Person\",\"@id\":\"https:\/\/www.convegnonazionaleaiic.it\/#\/schema\/person\/e0ef119b65a94b11c87834cb0d995bd8\",\"name\":\"algores\",\"image\":{\"@type\":\"ImageObject\",\"inLanguage\":\"it-IT\",\"@id\":\"https:\/\/www.convegnonazionaleaiic.it\/#\/schema\/person\/image\/\",\"url\":\"https:\/\/secure.gravatar.com\/avatar\/7996c5661c3d5749668b37cc47a67bc4?s=96&d=mm&r=g\",\"contentUrl\":\"https:\/\/secure.gravatar.com\/avatar\/7996c5661c3d5749668b37cc47a67bc4?s=96&d=mm&r=g\",\"caption\":\"algores\"},\"url\":\"https:\/\/www.convegnonazionaleaiic.it\/author\/algores\/\"}]}<\/script>\n<!-- \/ Yoast SEO plugin. -->","yoast_head_json":{"title":"ANALISI DELLE RELAZIONI TRA LE CARATTERISTICHE DELLA PERSONALIT\u00c0 ED I PARAMETRI CINEMATICI DELLA SCRITTURA - Convegno Nazionale AIIC","robots":{"index":"index","follow":"follow","max-snippet":"max-snippet:-1","max-image-preview":"max-image-preview:large","max-video-preview":"max-video-preview:-1"},"canonical":"https:\/\/www.convegnonazionaleaiic.it\/analisi-delle-relazioni-tra-le-caratteristiche-della-personalita-ed-i-parametri-cinematici-della-scrittura\/","og_locale":"it_IT","og_type":"article","og_title":"ANALISI DELLE RELAZIONI TRA LE CARATTERISTICHE DELLA PERSONALIT\u00c0 ED I PARAMETRI CINEMATICI DELLA SCRITTURA - Convegno Nazionale AIIC","og_description":"AFFILIAZIONE universit\u00e0 di trieste AUTORE PRINCIPALE Dr. Bassi Francesco VALUTA IL CHALLENGE[ratingwidget] GRUPPO DI LAVORO Dr. Bassi Francesco &#8211; universit\u00e0 di trieste, trieste Dr Raffini Alessandra &#8211; universit\u00e0 di trieste, trieste Prof. Ajcevic Milos &#8211; universit\u00e0 di trieste, trieste Prof. Accardo Agostino &#8211; universit\u00e0 di trieste, trieste AREA TEMATICA Applicazioni di intelligenza artificiale in sanit\u00e0 &hellip; Continue reading &raquo;","og_url":"https:\/\/www.convegnonazionaleaiic.it\/analisi-delle-relazioni-tra-le-caratteristiche-della-personalita-ed-i-parametri-cinematici-della-scrittura\/","og_site_name":"Convegno Nazionale AIIC","article_published_time":"2023-04-21T11:02:43+00:00","og_image":[{"url":"https:\/\/sem2000.s3.eu-west-1.amazonaws.com\/OLC\/6243878835313962107318373\/scent\/108475__sEtKzhkS.jpg"}],"author":"algores","twitter_card":"summary_large_image","twitter_misc":{"Scritto da":"algores","Tempo di lettura stimato":"2 minuti"},"schema":{"@context":"https:\/\/schema.org","@graph":[{"@type":"WebPage","@id":"https:\/\/www.convegnonazionaleaiic.it\/analisi-delle-relazioni-tra-le-caratteristiche-della-personalita-ed-i-parametri-cinematici-della-scrittura\/","url":"https:\/\/www.convegnonazionaleaiic.it\/analisi-delle-relazioni-tra-le-caratteristiche-della-personalita-ed-i-parametri-cinematici-della-scrittura\/","name":"ANALISI DELLE RELAZIONI TRA LE CARATTERISTICHE DELLA PERSONALIT\u00c0 ED I PARAMETRI CINEMATICI DELLA SCRITTURA - Convegno Nazionale AIIC","isPartOf":{"@id":"https:\/\/www.convegnonazionaleaiic.it\/#website"},"datePublished":"2023-04-21T11:02:43+00:00","dateModified":"2023-04-21T11:02:43+00:00","author":{"@id":"https:\/\/www.convegnonazionaleaiic.it\/#\/schema\/person\/e0ef119b65a94b11c87834cb0d995bd8"},"breadcrumb":{"@id":"https:\/\/www.convegnonazionaleaiic.it\/analisi-delle-relazioni-tra-le-caratteristiche-della-personalita-ed-i-parametri-cinematici-della-scrittura\/#breadcrumb"},"inLanguage":"it-IT","potentialAction":[{"@type":"ReadAction","target":["https:\/\/www.convegnonazionaleaiic.it\/analisi-delle-relazioni-tra-le-caratteristiche-della-personalita-ed-i-parametri-cinematici-della-scrittura\/"]}]},{"@type":"BreadcrumbList","@id":"https:\/\/www.convegnonazionaleaiic.it\/analisi-delle-relazioni-tra-le-caratteristiche-della-personalita-ed-i-parametri-cinematici-della-scrittura\/#breadcrumb","itemListElement":[{"@type":"ListItem","position":1,"name":"Home","item":"https:\/\/www.convegnonazionaleaiic.it\/"},{"@type":"ListItem","position":2,"name":"ANALISI DELLE RELAZIONI TRA LE CARATTERISTICHE DELLA PERSONALIT\u00c0 ED I PARAMETRI CINEMATICI DELLA SCRITTURA"}]},{"@type":"WebSite","@id":"https:\/\/www.convegnonazionaleaiic.it\/#website","url":"https:\/\/www.convegnonazionaleaiic.it\/","name":"Convegno Nazionale AIIC","description":"AIIC 2023 - Convegno Nazionale Associazione Italiana Ingegneri Clinici","potentialAction":[{"@type":"SearchAction","target":{"@type":"EntryPoint","urlTemplate":"https:\/\/www.convegnonazionaleaiic.it\/?s={search_term_string}"},"query-input":"required name=search_term_string"}],"inLanguage":"it-IT"},{"@type":"Person","@id":"https:\/\/www.convegnonazionaleaiic.it\/#\/schema\/person\/e0ef119b65a94b11c87834cb0d995bd8","name":"algores","image":{"@type":"ImageObject","inLanguage":"it-IT","@id":"https:\/\/www.convegnonazionaleaiic.it\/#\/schema\/person\/image\/","url":"https:\/\/secure.gravatar.com\/avatar\/7996c5661c3d5749668b37cc47a67bc4?s=96&d=mm&r=g","contentUrl":"https:\/\/secure.gravatar.com\/avatar\/7996c5661c3d5749668b37cc47a67bc4?s=96&d=mm&r=g","caption":"algores"},"url":"https:\/\/www.convegnonazionaleaiic.it\/author\/algores\/"}]}},"_links":{"self":[{"href":"https:\/\/www.convegnonazionaleaiic.it\/wp-json\/wp\/v2\/posts\/7374"}],"collection":[{"href":"https:\/\/www.convegnonazionaleaiic.it\/wp-json\/wp\/v2\/posts"}],"about":[{"href":"https:\/\/www.convegnonazionaleaiic.it\/wp-json\/wp\/v2\/types\/post"}],"author":[{"embeddable":true,"href":"https:\/\/www.convegnonazionaleaiic.it\/wp-json\/wp\/v2\/users\/1"}],"replies":[{"embeddable":true,"href":"https:\/\/www.convegnonazionaleaiic.it\/wp-json\/wp\/v2\/comments?post=7374"}],"version-history":[{"count":0,"href":"https:\/\/www.convegnonazionaleaiic.it\/wp-json\/wp\/v2\/posts\/7374\/revisions"}],"wp:attachment":[{"href":"https:\/\/www.convegnonazionaleaiic.it\/wp-json\/wp\/v2\/media?parent=7374"}],"wp:term":[{"taxonomy":"category","embeddable":true,"href":"https:\/\/www.convegnonazionaleaiic.it\/wp-json\/wp\/v2\/categories?post=7374"},{"taxonomy":"post_tag","embeddable":true,"href":"https:\/\/www.convegnonazionaleaiic.it\/wp-json\/wp\/v2\/tags?post=7374"}],"curies":[{"name":"wp","href":"https:\/\/api.w.org\/{rel}","templated":true}]}}