{"id":7358,"date":"2023-04-21T13:02:38","date_gmt":"2023-04-21T11:02:38","guid":{"rendered":"https:\/\/www.convegnonazionaleaiic.it\/studio-per-dpi-elettroventilati\/"},"modified":"2023-04-21T13:02:38","modified_gmt":"2023-04-21T11:02:38","slug":"studio-per-dpi-elettroventilati","status":"publish","type":"post","link":"https:\/\/www.convegnonazionaleaiic.it\/studio-per-dpi-elettroventilati\/","title":{"rendered":"STUDIO PER DPI ELETTROVENTILATI"},"content":{"rendered":"<div class=\"row\">\n<div class=\"col-md-4\">\n<p><img decoding=\"async\" src=\"https:\/\/sem2000.s3.eu-west-1.amazonaws.com\/OLC\/6243878835313962107318373\/scent\/108808__mlIwm317.jpg\" alt=\"\" width=\"80%\" \/><img decoding=\"async\" src=\"https:\/\/sem2000.s3.eu-west-1.amazonaws.com\/OLC\/6243878835313962107318373\/scent\/108808__ylVZlCRQ.jpg\" alt=\"\" width=\"80%\" \/> <\/p>\n<p><strong><span style=\"color: #bba188;\">AFFILIAZIONE<\/span><br \/>\n<\/strong>sisteco s.a.s.<\/p>\n<p><strong><span style=\"color: #bba188;\">AUTORE PRINCIPALE<\/span><br \/>\n<\/strong>Dr De Iorio Guido<\/p>\n<p>\n<strong><span style=\"color: #bba188;\">VALUTA IL CHALLENGE<\/span><\/strong>[ratingwidget]<\/p>\n<\/div>\n<div class=\"col-md-8\" style=\"border-left: 1px solid; border-color: #005c97;\">\n<p><a name=\"top\"><\/a><\/p>\n<p><strong><span style=\"color: #bba188;\">GRUPPO DI LAVORO<\/span><\/strong><br \/>\n<strong>Dr De Iorio Guido<\/strong> &#8211; sisteco s.a.s., <i>roma<\/i>                             <\/p>\n<p><strong><span style=\"color: #bba188;\">AREA TEMATICA<\/span><br \/>\n<\/strong>Esperienze di valutazione delle tecnologie<\/p>\n<p><strong><span style=\"color: #bba188;\">ABSTRACT<\/span><br \/>\n<\/strong>La protezione delle vie respiratorie  richiederebbe dispositivi di protezione individuale che riescano ad attenuare, sotto la soglia scientificamente nota di pericolosit\u00e0, cariche microbiche nonch\u00e8 sostanze chimiche utilizzate di routine  nei protocolli di disinfezione negli ambienti sanitari. I dispositivi dotati di elettroventilatore(PAPR) sono una delle possibili opzioni per quanto, come altri, risentano di diverse variabili e presentino, insieme ad alcuni vantaggi, anche criticit\u00e0 ergonomiche, logistiche nonch\u00e9 costi e non sempre semplice reperibilit\u00e0. Il lavoro consiste in un elettroventilatore ottimizzato con un posizionamento verticale ed un aumento a tre dei filtri, la riduzione della rumorosit\u00e0, la portata d\u2019aria calcolata per attivit\u00e0 fisica moderata in condizioni di buono stato di salute dell\u2019operatore. Per eseguire test \u00e8 stato realizzato un simulatore microclimatico da 0,2 metri cubi all\u2019interno del quale, posto in funzione l\u2019elettroventilatore, possono essere nebulizzati traccianti di prova, riprodotte turbolenze, variata la temperatura. L\u2019aria filtrata viene inviata ad un tampone per l\u2019esecuzione di analisi chimiche e biochimiche e, di seguito, ad un conta particelle che opera  in prossimit\u00e0 dell&#8217;intervallo critico dell\u2019efficienza dei filtri, ovvero quello in cui polveri ed aerosol sono influenzati dal moto browniano.<br \/>\nIl sistema \u00e8 realizzato con materiali e componenti economici e di comune reperibilit\u00e0.<br \/>\nIl simulatore microclimatico \u00e8 dotato di tubo collegabile a strumenti scientifici per effettuare misure di controllo.<\/p>\n<p>&nbsp;<\/p>\n<p><iframe style=\"border: 1px solid #CCC; border-width: 1px; margin-bottom: 5px; max-width: 100%;\" src=\"https:\/\/www.slideshare.net\/slideshow\/embed_code\/key\/87qeL9uOkkhxuh\" width=\"554\" height=\"459\" frameborder=\"0\" marginwidth=\"0\" marginheight=\"0\" scrolling=\"no\" allowfullscreen=\"allowfullscreen\"> <\/iframe><\/p>\n<p>&nbsp;<\/p>\n<p><strong><span style=\"color: #003366;\"><a style=\"color: #003366; text-decoration: underline;\" href=\"#top\">Torna su \u00bb<\/a><\/span><br \/>\n<\/strong><\/p>\n<\/div>\n<\/div>\n","protected":false},"excerpt":{"rendered":"<p>AFFILIAZIONE sisteco s.a.s. AUTORE PRINCIPALE Dr De Iorio Guido VALUTA IL CHALLENGE[ratingwidget] GRUPPO DI LAVORO Dr De Iorio Guido &#8211; sisteco s.a.s., roma AREA TEMATICA Esperienze di valutazione delle tecnologie ABSTRACT La protezione delle vie respiratorie richiederebbe dispositivi di protezione individuale che riescano ad attenuare, sotto la soglia scientificamente nota di pericolosit\u00e0, cariche microbiche nonch\u00e8 &hellip; <\/p>\n<p><a class=\"more-link btn\" href=\"https:\/\/www.convegnonazionaleaiic.it\/studio-per-dpi-elettroventilati\/\">Continue reading &raquo;<\/a><\/p>\n","protected":false},"author":1,"featured_media":0,"comment_status":"open","ping_status":"open","sticky":false,"template":"","format":"standard","meta":{"_monsterinsights_skip_tracking":false,"_monsterinsights_sitenote_active":false,"_monsterinsights_sitenote_note":"","_monsterinsights_sitenote_category":0},"categories":[38],"tags":[],"yoast_head":"<!-- This site is optimized with the Yoast SEO plugin v21.8.1 - https:\/\/yoast.com\/wordpress\/plugins\/seo\/ -->\n<title>STUDIO PER DPI ELETTROVENTILATI - Convegno Nazionale AIIC<\/title>\n<meta name=\"robots\" content=\"index, follow, max-snippet:-1, max-image-preview:large, max-video-preview:-1\" \/>\n<link rel=\"canonical\" href=\"https:\/\/www.convegnonazionaleaiic.it\/studio-per-dpi-elettroventilati\/\" \/>\n<meta property=\"og:locale\" content=\"it_IT\" \/>\n<meta property=\"og:type\" content=\"article\" \/>\n<meta property=\"og:title\" content=\"STUDIO PER DPI ELETTROVENTILATI - Convegno Nazionale AIIC\" \/>\n<meta property=\"og:description\" content=\"AFFILIAZIONE sisteco s.a.s. AUTORE PRINCIPALE Dr De Iorio Guido VALUTA IL CHALLENGE[ratingwidget] GRUPPO DI LAVORO Dr De Iorio Guido &#8211; sisteco s.a.s., roma AREA TEMATICA Esperienze di valutazione delle tecnologie ABSTRACT La protezione delle vie respiratorie richiederebbe dispositivi di protezione individuale che riescano ad attenuare, sotto la soglia scientificamente nota di pericolosit\u00e0, cariche microbiche nonch\u00e8 &hellip; Continue reading &raquo;\" \/>\n<meta property=\"og:url\" content=\"https:\/\/www.convegnonazionaleaiic.it\/studio-per-dpi-elettroventilati\/\" \/>\n<meta property=\"og:site_name\" content=\"Convegno Nazionale AIIC\" \/>\n<meta property=\"article:published_time\" content=\"2023-04-21T11:02:38+00:00\" \/>\n<meta property=\"og:image\" content=\"https:\/\/sem2000.s3.eu-west-1.amazonaws.com\/OLC\/6243878835313962107318373\/scent\/108808__mlIwm317.jpg\" \/>\n<meta name=\"author\" content=\"algores\" \/>\n<meta name=\"twitter:card\" content=\"summary_large_image\" \/>\n<meta name=\"twitter:label1\" content=\"Scritto da\" \/>\n\t<meta name=\"twitter:data1\" content=\"algores\" \/>\n\t<meta name=\"twitter:label2\" content=\"Tempo di lettura stimato\" \/>\n\t<meta name=\"twitter:data2\" content=\"1 minuto\" \/>\n<script type=\"application\/ld+json\" class=\"yoast-schema-graph\">{\"@context\":\"https:\/\/schema.org\",\"@graph\":[{\"@type\":\"WebPage\",\"@id\":\"https:\/\/www.convegnonazionaleaiic.it\/studio-per-dpi-elettroventilati\/\",\"url\":\"https:\/\/www.convegnonazionaleaiic.it\/studio-per-dpi-elettroventilati\/\",\"name\":\"STUDIO PER DPI ELETTROVENTILATI - Convegno Nazionale AIIC\",\"isPartOf\":{\"@id\":\"https:\/\/www.convegnonazionaleaiic.it\/#website\"},\"datePublished\":\"2023-04-21T11:02:38+00:00\",\"dateModified\":\"2023-04-21T11:02:38+00:00\",\"author\":{\"@id\":\"https:\/\/www.convegnonazionaleaiic.it\/#\/schema\/person\/e0ef119b65a94b11c87834cb0d995bd8\"},\"breadcrumb\":{\"@id\":\"https:\/\/www.convegnonazionaleaiic.it\/studio-per-dpi-elettroventilati\/#breadcrumb\"},\"inLanguage\":\"it-IT\",\"potentialAction\":[{\"@type\":\"ReadAction\",\"target\":[\"https:\/\/www.convegnonazionaleaiic.it\/studio-per-dpi-elettroventilati\/\"]}]},{\"@type\":\"BreadcrumbList\",\"@id\":\"https:\/\/www.convegnonazionaleaiic.it\/studio-per-dpi-elettroventilati\/#breadcrumb\",\"itemListElement\":[{\"@type\":\"ListItem\",\"position\":1,\"name\":\"Home\",\"item\":\"https:\/\/www.convegnonazionaleaiic.it\/\"},{\"@type\":\"ListItem\",\"position\":2,\"name\":\"STUDIO PER DPI ELETTROVENTILATI\"}]},{\"@type\":\"WebSite\",\"@id\":\"https:\/\/www.convegnonazionaleaiic.it\/#website\",\"url\":\"https:\/\/www.convegnonazionaleaiic.it\/\",\"name\":\"Convegno Nazionale AIIC\",\"description\":\"AIIC 2023 - Convegno Nazionale Associazione Italiana Ingegneri Clinici\",\"potentialAction\":[{\"@type\":\"SearchAction\",\"target\":{\"@type\":\"EntryPoint\",\"urlTemplate\":\"https:\/\/www.convegnonazionaleaiic.it\/?s={search_term_string}\"},\"query-input\":\"required name=search_term_string\"}],\"inLanguage\":\"it-IT\"},{\"@type\":\"Person\",\"@id\":\"https:\/\/www.convegnonazionaleaiic.it\/#\/schema\/person\/e0ef119b65a94b11c87834cb0d995bd8\",\"name\":\"algores\",\"image\":{\"@type\":\"ImageObject\",\"inLanguage\":\"it-IT\",\"@id\":\"https:\/\/www.convegnonazionaleaiic.it\/#\/schema\/person\/image\/\",\"url\":\"https:\/\/secure.gravatar.com\/avatar\/7996c5661c3d5749668b37cc47a67bc4?s=96&d=mm&r=g\",\"contentUrl\":\"https:\/\/secure.gravatar.com\/avatar\/7996c5661c3d5749668b37cc47a67bc4?s=96&d=mm&r=g\",\"caption\":\"algores\"},\"url\":\"https:\/\/www.convegnonazionaleaiic.it\/author\/algores\/\"}]}<\/script>\n<!-- \/ Yoast SEO plugin. -->","yoast_head_json":{"title":"STUDIO PER DPI ELETTROVENTILATI - Convegno Nazionale AIIC","robots":{"index":"index","follow":"follow","max-snippet":"max-snippet:-1","max-image-preview":"max-image-preview:large","max-video-preview":"max-video-preview:-1"},"canonical":"https:\/\/www.convegnonazionaleaiic.it\/studio-per-dpi-elettroventilati\/","og_locale":"it_IT","og_type":"article","og_title":"STUDIO PER DPI ELETTROVENTILATI - Convegno Nazionale AIIC","og_description":"AFFILIAZIONE sisteco s.a.s. AUTORE PRINCIPALE Dr De Iorio Guido VALUTA IL CHALLENGE[ratingwidget] GRUPPO DI LAVORO Dr De Iorio Guido &#8211; sisteco s.a.s., roma AREA TEMATICA Esperienze di valutazione delle tecnologie ABSTRACT La protezione delle vie respiratorie richiederebbe dispositivi di protezione individuale che riescano ad attenuare, sotto la soglia scientificamente nota di pericolosit\u00e0, cariche microbiche nonch\u00e8 &hellip; Continue reading &raquo;","og_url":"https:\/\/www.convegnonazionaleaiic.it\/studio-per-dpi-elettroventilati\/","og_site_name":"Convegno Nazionale AIIC","article_published_time":"2023-04-21T11:02:38+00:00","og_image":[{"url":"https:\/\/sem2000.s3.eu-west-1.amazonaws.com\/OLC\/6243878835313962107318373\/scent\/108808__mlIwm317.jpg"}],"author":"algores","twitter_card":"summary_large_image","twitter_misc":{"Scritto da":"algores","Tempo di lettura stimato":"1 minuto"},"schema":{"@context":"https:\/\/schema.org","@graph":[{"@type":"WebPage","@id":"https:\/\/www.convegnonazionaleaiic.it\/studio-per-dpi-elettroventilati\/","url":"https:\/\/www.convegnonazionaleaiic.it\/studio-per-dpi-elettroventilati\/","name":"STUDIO PER DPI ELETTROVENTILATI - Convegno Nazionale AIIC","isPartOf":{"@id":"https:\/\/www.convegnonazionaleaiic.it\/#website"},"datePublished":"2023-04-21T11:02:38+00:00","dateModified":"2023-04-21T11:02:38+00:00","author":{"@id":"https:\/\/www.convegnonazionaleaiic.it\/#\/schema\/person\/e0ef119b65a94b11c87834cb0d995bd8"},"breadcrumb":{"@id":"https:\/\/www.convegnonazionaleaiic.it\/studio-per-dpi-elettroventilati\/#breadcrumb"},"inLanguage":"it-IT","potentialAction":[{"@type":"ReadAction","target":["https:\/\/www.convegnonazionaleaiic.it\/studio-per-dpi-elettroventilati\/"]}]},{"@type":"BreadcrumbList","@id":"https:\/\/www.convegnonazionaleaiic.it\/studio-per-dpi-elettroventilati\/#breadcrumb","itemListElement":[{"@type":"ListItem","position":1,"name":"Home","item":"https:\/\/www.convegnonazionaleaiic.it\/"},{"@type":"ListItem","position":2,"name":"STUDIO PER DPI ELETTROVENTILATI"}]},{"@type":"WebSite","@id":"https:\/\/www.convegnonazionaleaiic.it\/#website","url":"https:\/\/www.convegnonazionaleaiic.it\/","name":"Convegno Nazionale AIIC","description":"AIIC 2023 - Convegno Nazionale Associazione Italiana Ingegneri Clinici","potentialAction":[{"@type":"SearchAction","target":{"@type":"EntryPoint","urlTemplate":"https:\/\/www.convegnonazionaleaiic.it\/?s={search_term_string}"},"query-input":"required name=search_term_string"}],"inLanguage":"it-IT"},{"@type":"Person","@id":"https:\/\/www.convegnonazionaleaiic.it\/#\/schema\/person\/e0ef119b65a94b11c87834cb0d995bd8","name":"algores","image":{"@type":"ImageObject","inLanguage":"it-IT","@id":"https:\/\/www.convegnonazionaleaiic.it\/#\/schema\/person\/image\/","url":"https:\/\/secure.gravatar.com\/avatar\/7996c5661c3d5749668b37cc47a67bc4?s=96&d=mm&r=g","contentUrl":"https:\/\/secure.gravatar.com\/avatar\/7996c5661c3d5749668b37cc47a67bc4?s=96&d=mm&r=g","caption":"algores"},"url":"https:\/\/www.convegnonazionaleaiic.it\/author\/algores\/"}]}},"_links":{"self":[{"href":"https:\/\/www.convegnonazionaleaiic.it\/wp-json\/wp\/v2\/posts\/7358"}],"collection":[{"href":"https:\/\/www.convegnonazionaleaiic.it\/wp-json\/wp\/v2\/posts"}],"about":[{"href":"https:\/\/www.convegnonazionaleaiic.it\/wp-json\/wp\/v2\/types\/post"}],"author":[{"embeddable":true,"href":"https:\/\/www.convegnonazionaleaiic.it\/wp-json\/wp\/v2\/users\/1"}],"replies":[{"embeddable":true,"href":"https:\/\/www.convegnonazionaleaiic.it\/wp-json\/wp\/v2\/comments?post=7358"}],"version-history":[{"count":0,"href":"https:\/\/www.convegnonazionaleaiic.it\/wp-json\/wp\/v2\/posts\/7358\/revisions"}],"wp:attachment":[{"href":"https:\/\/www.convegnonazionaleaiic.it\/wp-json\/wp\/v2\/media?parent=7358"}],"wp:term":[{"taxonomy":"category","embeddable":true,"href":"https:\/\/www.convegnonazionaleaiic.it\/wp-json\/wp\/v2\/categories?post=7358"},{"taxonomy":"post_tag","embeddable":true,"href":"https:\/\/www.convegnonazionaleaiic.it\/wp-json\/wp\/v2\/tags?post=7358"}],"curies":[{"name":"wp","href":"https:\/\/api.w.org\/{rel}","templated":true}]}}