{"id":7349,"date":"2023-04-21T13:02:38","date_gmt":"2023-04-21T11:02:38","guid":{"rendered":"https:\/\/www.convegnonazionaleaiic.it\/atrofia-corticale-nel-subdurale-cronico-ematoma-dallultra-struttura-alle-proprieta-fisiche\/"},"modified":"2023-04-21T13:02:38","modified_gmt":"2023-04-21T11:02:38","slug":"atrofia-corticale-nel-subdurale-cronico-ematoma-dallultra-struttura-alle-proprieta-fisiche","status":"publish","type":"post","link":"https:\/\/www.convegnonazionaleaiic.it\/atrofia-corticale-nel-subdurale-cronico-ematoma-dallultra-struttura-alle-proprieta-fisiche\/","title":{"rendered":"ATROFIA CORTICALE NEL SUBDURALE CRONICO EMATOMA DALL\u2019ULTRA-STRUTTURA ALLE PROPRIET\u00c0 FISICHE"},"content":{"rendered":"<div class=\"row\">\n<div class=\"col-md-4\">\n<p><img decoding=\"async\" src=\"https:\/\/sem2000.s3.eu-west-1.amazonaws.com\/OLC\/6243878835313962107318373\/scent\/108947__a0O08qbL.jpg\" alt=\"\" width=\"80%\" \/><img decoding=\"async\" src=\"https:\/\/sem2000.s3.eu-west-1.amazonaws.com\/OLC\/6243878835313962107318373\/scent\/108947__ae4m5E7P.jpg\" alt=\"\" width=\"80%\" \/> <\/p>\n<p><strong><span style=\"color: #bba188;\">AFFILIAZIONE<\/span><br \/>\n<\/strong>universit\u00e0 degli studi la sapienza<\/p>\n<p><strong><span style=\"color: #bba188;\">AUTORE PRINCIPALE<\/span><br \/>\n<\/strong>PhD Bruzzaniti Placido<\/p>\n<p>\n<strong><span style=\"color: #bba188;\">VALUTA IL CHALLENGE<\/span><\/strong>[ratingwidget]<\/p>\n<\/div>\n<div class=\"col-md-8\" style=\"border-left: 1px solid; border-color: #005c97;\">\n<p><a name=\"top\"><\/a><\/p>\n<p><strong><span style=\"color: #bba188;\">GRUPPO DI LAVORO<\/span><\/strong><br \/>\n<strong>PhD Bruzzaniti Placido<\/strong> &#8211; universit\u00e0 degli studi la sapienza, <i>roma<\/i><br \/> <strong>Prof. Familiari Pietro<\/strong> &#8211; universit\u00e0 degli studi la sapienza, <i>roma<\/i><br \/> <strong>Dr. Lapolla Pierfrancesco<\/strong> &#8211; universit\u00e0 degli studi la sapienza, <i>roma<\/i><br \/> <strong>Prof. Relucenti Michela<\/strong> &#8211; universit\u00e0 degli studi la sapienza, <i>roma<\/i><br \/> <strong>Dr. Battaglione Ezio<\/strong> &#8211; universit\u00e0 degli studi la sapienza, <i>roma<\/i><br \/> <strong>Dr. Cristiano Loredana<\/strong> &#8211; universit\u00e0 degli studi la sapienza, <i>roma<\/i><br \/> <strong>Dr. Sorrentino Veronica<\/strong> &#8211; universit\u00e0 degli studi la sapienza, <i>roma<\/i><br \/> <strong>Dr. Aversa Sara<\/strong> &#8211; universit\u00e0 degli studi la sapienza, <i>roma<\/i><br \/> <strong>Dr. D&#8217;Amico Alessia<\/strong> &#8211; universit\u00e0 degli studi la sapienza, <i>roma<\/i><br \/> <strong>Dr. Puntorieri Pierfabrizio<\/strong> &#8211; universit\u00e0 degli studi mediterranea di reggio calabria, <i>reggio calabria<\/i><br \/> <strong>Dr. Bruzzaniti Lucia<\/strong> &#8211; universit\u00e0 degli studi mediterranea di reggio calabria, <i>reggio calabria<\/i><br \/> <strong>Prof. Mingoli Andrea<\/strong> &#8211; universit\u00e0 degli studi la sapienza, <i>roma<\/i><br \/> <strong>Dr. Brachini Gioia<\/strong> &#8211; universit\u00e0 degli studi la sapienza, <i>roma<\/i><br \/> <strong>Prof. Barbaro Giuseppe<\/strong> &#8211; universit\u00e0 degli studi mediterranea di reggio calabria, <i>reggio calabria<\/i><br \/> <strong>Dr. Scafa Anthony Kevin<\/strong> &#8211; universit\u00e0 degli studi la sapienza, <i>roma<\/i><br \/> <strong>Dr. D&#8217;Andrea Giancarlo<\/strong> &#8211; ospedale fabrizio spaziani, <i>frosinone<\/i><br \/> <strong>Prof Frati Alessandro<\/strong> &#8211; ospedale fabrizio spaziani, <i>frosinone<\/i><br \/> <strong>Dr, Picotti Veronica<\/strong> &#8211; universit\u00e0 degli studi la sapienza, <i>roma<\/i><br \/> <strong>Dr. Berra Luigi Valentino<\/strong> &#8211; universit\u00e0 degli studi la sapienza, <i>roma<\/i><br \/> <strong>Dr. Petrozza Vincenzo<\/strong> &#8211; universit\u00e0 degli studi la sapienza, <i>roma<\/i><br \/> <strong>Prof. Nottola Stefania<\/strong> &#8211; universit\u00e0 degli studi la sapienza, <i>roma<\/i><br \/> <strong>Prof. Santoro Antonio<\/strong> &#8211; universit\u00e0 degli studi la sapienza, <i>roma<\/i>        <\/p>\n<p><strong><span style=\"color: #bba188;\">AREA TEMATICA<\/span><br \/>\n<\/strong>Applicazioni innovative di bioingegneria (premio miglior tesi di dottorato)<\/p>\n<p><strong><span style=\"color: #bba188;\">ABSTRACT<\/span><br \/>\n<\/strong>Diverse teorie hanno cercato di chiarire i meccanismi alla base della fisiopatologia dell\u2019 ematoma subdurale cronico (CSDH). Tuttavia, i meccanismi alla base di questa patologia sono  complessi e rimangono per lo pi\u00f9 sconosciuti. In questo studio abbiamo eseguito un&#8217;analisi randomizzata retrospettiva confrontando l&#8217;atrofia corticale di 190 pazienti con CSDH unilaterale, con 190 controlli sani.  In questo lavoro abbiamo riportato, per la prima volta, l\u2019analisi ultrastrutturale del CSDH utilizzando una combinazione di metodi immunoistochimici e tecniche di microscopia elettronica a trasmissione. \u00c8 stato sviluppato e validato un indice della atrofia corticale correlato (RCA) dato dalla somma del diametro massimo di tre cisterne (insulare cisterna, fessura cerebrale longitudinale e solchi cerebrali pi\u00f9 grandi) diviso la massima distanza tra le ossa temporali. Questo indice \u00e8 risultato fortemente correlato all&#8217;et\u00e0 nei controlli sani ed \u00e8 positivamente correlato al diametro massimo preoperatorio e post-operatorio dell&#8217;ematoma e allo spostamento della linea mediana in Pazienti CSDH. Al contrario, RCA \u00e8 correlato negativamente al Karnofsky Performance Status (KPS).  Il test Area Under the Receiver Operating Characteristics (AUROC) ha mostrato che l&#8217;indice RCA \u00e8 efficace casi differenziati dai controlli. L&#8217;analisi immunoistochimica ha mostrato che la neo-formazione di micro-vasi CD-31 positivi \u00e8 maggiore  dei micro-vasi CD34-positivi nella membrana interna del CSDH rispetto alla membrana esterna. Le osservazioni ultrastrutturali evidenziano la presenza di uno stato infiammatorio cronico principalmente nella membrana interna del CSDH. Integrando questi risultati, abbiamo ottenuto un modello etiopatogenetico di CSDH. L&#8217;atrofia corticale risulta dunque il fattore scatenante che attiva la cascata di filtrazione cellulare transendoteliale, infiammazione, formazione di neo-membrane e neovascolarizzazione che porta alla formazione dell\u2019ematoma sottodurale cronico.<\/p>\n<p>&nbsp;<\/p>\n<p><iframe style=\"border: 1px solid #CCC; border-width: 1px; margin-bottom: 5px; max-width: 100%;\" src=\"https:\/\/www.slideshare.net\/slideshow\/embed_code\/key\/4Ro4x0EnbMmLmr\" width=\"554\" height=\"459\" frameborder=\"0\" marginwidth=\"0\" marginheight=\"0\" scrolling=\"no\" allowfullscreen=\"allowfullscreen\"> <\/iframe><\/p>\n<p>&nbsp;<\/p>\n<p><strong><span style=\"color: #003366;\"><a style=\"color: #003366; text-decoration: underline;\" href=\"#top\">Torna su \u00bb<\/a><\/span><br \/>\n<\/strong><\/p>\n<\/div>\n<\/div>\n","protected":false},"excerpt":{"rendered":"<p>AFFILIAZIONE universit\u00e0 degli studi la sapienza AUTORE PRINCIPALE PhD Bruzzaniti Placido VALUTA IL CHALLENGE[ratingwidget] GRUPPO DI LAVORO PhD Bruzzaniti Placido &#8211; universit\u00e0 degli studi la sapienza, roma Prof. Familiari Pietro &#8211; universit\u00e0 degli studi la sapienza, roma Dr. Lapolla Pierfrancesco &#8211; universit\u00e0 degli studi la sapienza, roma Prof. Relucenti Michela &#8211; universit\u00e0 degli studi la &hellip; <\/p>\n<p><a class=\"more-link btn\" href=\"https:\/\/www.convegnonazionaleaiic.it\/atrofia-corticale-nel-subdurale-cronico-ematoma-dallultra-struttura-alle-proprieta-fisiche\/\">Continue reading &raquo;<\/a><\/p>\n","protected":false},"author":1,"featured_media":0,"comment_status":"open","ping_status":"open","sticky":false,"template":"","format":"standard","meta":{"_monsterinsights_skip_tracking":false,"_monsterinsights_sitenote_active":false,"_monsterinsights_sitenote_note":"","_monsterinsights_sitenote_category":0},"categories":[37],"tags":[],"yoast_head":"<!-- This site is optimized with the Yoast SEO plugin v21.8.1 - https:\/\/yoast.com\/wordpress\/plugins\/seo\/ -->\n<title>ATROFIA CORTICALE NEL SUBDURALE CRONICO EMATOMA DALL\u2019ULTRA-STRUTTURA ALLE PROPRIET\u00c0 FISICHE - Convegno Nazionale AIIC<\/title>\n<meta name=\"robots\" content=\"index, follow, max-snippet:-1, max-image-preview:large, max-video-preview:-1\" \/>\n<link rel=\"canonical\" href=\"https:\/\/www.convegnonazionaleaiic.it\/atrofia-corticale-nel-subdurale-cronico-ematoma-dallultra-struttura-alle-proprieta-fisiche\/\" \/>\n<meta property=\"og:locale\" content=\"it_IT\" \/>\n<meta property=\"og:type\" content=\"article\" \/>\n<meta property=\"og:title\" content=\"ATROFIA CORTICALE NEL SUBDURALE CRONICO EMATOMA DALL\u2019ULTRA-STRUTTURA ALLE PROPRIET\u00c0 FISICHE - Convegno Nazionale AIIC\" \/>\n<meta property=\"og:description\" content=\"AFFILIAZIONE universit\u00e0 degli studi la sapienza AUTORE PRINCIPALE PhD Bruzzaniti Placido VALUTA IL CHALLENGE[ratingwidget] GRUPPO DI LAVORO PhD Bruzzaniti Placido &#8211; universit\u00e0 degli studi la sapienza, roma Prof. Familiari Pietro &#8211; universit\u00e0 degli studi la sapienza, roma Dr. Lapolla Pierfrancesco &#8211; universit\u00e0 degli studi la sapienza, roma Prof. Relucenti Michela &#8211; universit\u00e0 degli studi la &hellip; Continue reading &raquo;\" \/>\n<meta property=\"og:url\" content=\"https:\/\/www.convegnonazionaleaiic.it\/atrofia-corticale-nel-subdurale-cronico-ematoma-dallultra-struttura-alle-proprieta-fisiche\/\" \/>\n<meta property=\"og:site_name\" content=\"Convegno Nazionale AIIC\" \/>\n<meta property=\"article:published_time\" content=\"2023-04-21T11:02:38+00:00\" \/>\n<meta property=\"og:image\" content=\"https:\/\/sem2000.s3.eu-west-1.amazonaws.com\/OLC\/6243878835313962107318373\/scent\/108947__a0O08qbL.jpg\" \/>\n<meta name=\"author\" content=\"algores\" \/>\n<meta name=\"twitter:card\" content=\"summary_large_image\" \/>\n<meta name=\"twitter:label1\" content=\"Scritto da\" \/>\n\t<meta name=\"twitter:data1\" content=\"algores\" \/>\n\t<meta name=\"twitter:label2\" content=\"Tempo di lettura stimato\" \/>\n\t<meta name=\"twitter:data2\" content=\"3 minuti\" \/>\n<script type=\"application\/ld+json\" class=\"yoast-schema-graph\">{\"@context\":\"https:\/\/schema.org\",\"@graph\":[{\"@type\":\"WebPage\",\"@id\":\"https:\/\/www.convegnonazionaleaiic.it\/atrofia-corticale-nel-subdurale-cronico-ematoma-dallultra-struttura-alle-proprieta-fisiche\/\",\"url\":\"https:\/\/www.convegnonazionaleaiic.it\/atrofia-corticale-nel-subdurale-cronico-ematoma-dallultra-struttura-alle-proprieta-fisiche\/\",\"name\":\"ATROFIA CORTICALE NEL SUBDURALE CRONICO EMATOMA DALL\u2019ULTRA-STRUTTURA ALLE PROPRIET\u00c0 FISICHE - Convegno Nazionale AIIC\",\"isPartOf\":{\"@id\":\"https:\/\/www.convegnonazionaleaiic.it\/#website\"},\"datePublished\":\"2023-04-21T11:02:38+00:00\",\"dateModified\":\"2023-04-21T11:02:38+00:00\",\"author\":{\"@id\":\"https:\/\/www.convegnonazionaleaiic.it\/#\/schema\/person\/e0ef119b65a94b11c87834cb0d995bd8\"},\"breadcrumb\":{\"@id\":\"https:\/\/www.convegnonazionaleaiic.it\/atrofia-corticale-nel-subdurale-cronico-ematoma-dallultra-struttura-alle-proprieta-fisiche\/#breadcrumb\"},\"inLanguage\":\"it-IT\",\"potentialAction\":[{\"@type\":\"ReadAction\",\"target\":[\"https:\/\/www.convegnonazionaleaiic.it\/atrofia-corticale-nel-subdurale-cronico-ematoma-dallultra-struttura-alle-proprieta-fisiche\/\"]}]},{\"@type\":\"BreadcrumbList\",\"@id\":\"https:\/\/www.convegnonazionaleaiic.it\/atrofia-corticale-nel-subdurale-cronico-ematoma-dallultra-struttura-alle-proprieta-fisiche\/#breadcrumb\",\"itemListElement\":[{\"@type\":\"ListItem\",\"position\":1,\"name\":\"Home\",\"item\":\"https:\/\/www.convegnonazionaleaiic.it\/\"},{\"@type\":\"ListItem\",\"position\":2,\"name\":\"ATROFIA CORTICALE NEL SUBDURALE CRONICO EMATOMA DALL\u2019ULTRA-STRUTTURA ALLE PROPRIET\u00c0 FISICHE\"}]},{\"@type\":\"WebSite\",\"@id\":\"https:\/\/www.convegnonazionaleaiic.it\/#website\",\"url\":\"https:\/\/www.convegnonazionaleaiic.it\/\",\"name\":\"Convegno Nazionale AIIC\",\"description\":\"AIIC 2023 - Convegno Nazionale Associazione Italiana Ingegneri Clinici\",\"potentialAction\":[{\"@type\":\"SearchAction\",\"target\":{\"@type\":\"EntryPoint\",\"urlTemplate\":\"https:\/\/www.convegnonazionaleaiic.it\/?s={search_term_string}\"},\"query-input\":\"required name=search_term_string\"}],\"inLanguage\":\"it-IT\"},{\"@type\":\"Person\",\"@id\":\"https:\/\/www.convegnonazionaleaiic.it\/#\/schema\/person\/e0ef119b65a94b11c87834cb0d995bd8\",\"name\":\"algores\",\"image\":{\"@type\":\"ImageObject\",\"inLanguage\":\"it-IT\",\"@id\":\"https:\/\/www.convegnonazionaleaiic.it\/#\/schema\/person\/image\/\",\"url\":\"https:\/\/secure.gravatar.com\/avatar\/7996c5661c3d5749668b37cc47a67bc4?s=96&d=mm&r=g\",\"contentUrl\":\"https:\/\/secure.gravatar.com\/avatar\/7996c5661c3d5749668b37cc47a67bc4?s=96&d=mm&r=g\",\"caption\":\"algores\"},\"url\":\"https:\/\/www.convegnonazionaleaiic.it\/author\/algores\/\"}]}<\/script>\n<!-- \/ Yoast SEO plugin. -->","yoast_head_json":{"title":"ATROFIA CORTICALE NEL SUBDURALE CRONICO EMATOMA DALL\u2019ULTRA-STRUTTURA ALLE PROPRIET\u00c0 FISICHE - Convegno Nazionale AIIC","robots":{"index":"index","follow":"follow","max-snippet":"max-snippet:-1","max-image-preview":"max-image-preview:large","max-video-preview":"max-video-preview:-1"},"canonical":"https:\/\/www.convegnonazionaleaiic.it\/atrofia-corticale-nel-subdurale-cronico-ematoma-dallultra-struttura-alle-proprieta-fisiche\/","og_locale":"it_IT","og_type":"article","og_title":"ATROFIA CORTICALE NEL SUBDURALE CRONICO EMATOMA DALL\u2019ULTRA-STRUTTURA ALLE PROPRIET\u00c0 FISICHE - Convegno Nazionale AIIC","og_description":"AFFILIAZIONE universit\u00e0 degli studi la sapienza AUTORE PRINCIPALE PhD Bruzzaniti Placido VALUTA IL CHALLENGE[ratingwidget] GRUPPO DI LAVORO PhD Bruzzaniti Placido &#8211; universit\u00e0 degli studi la sapienza, roma Prof. Familiari Pietro &#8211; universit\u00e0 degli studi la sapienza, roma Dr. Lapolla Pierfrancesco &#8211; universit\u00e0 degli studi la sapienza, roma Prof. Relucenti Michela &#8211; universit\u00e0 degli studi la &hellip; Continue reading &raquo;","og_url":"https:\/\/www.convegnonazionaleaiic.it\/atrofia-corticale-nel-subdurale-cronico-ematoma-dallultra-struttura-alle-proprieta-fisiche\/","og_site_name":"Convegno Nazionale AIIC","article_published_time":"2023-04-21T11:02:38+00:00","og_image":[{"url":"https:\/\/sem2000.s3.eu-west-1.amazonaws.com\/OLC\/6243878835313962107318373\/scent\/108947__a0O08qbL.jpg"}],"author":"algores","twitter_card":"summary_large_image","twitter_misc":{"Scritto da":"algores","Tempo di lettura stimato":"3 minuti"},"schema":{"@context":"https:\/\/schema.org","@graph":[{"@type":"WebPage","@id":"https:\/\/www.convegnonazionaleaiic.it\/atrofia-corticale-nel-subdurale-cronico-ematoma-dallultra-struttura-alle-proprieta-fisiche\/","url":"https:\/\/www.convegnonazionaleaiic.it\/atrofia-corticale-nel-subdurale-cronico-ematoma-dallultra-struttura-alle-proprieta-fisiche\/","name":"ATROFIA CORTICALE NEL SUBDURALE CRONICO EMATOMA DALL\u2019ULTRA-STRUTTURA ALLE PROPRIET\u00c0 FISICHE - Convegno Nazionale AIIC","isPartOf":{"@id":"https:\/\/www.convegnonazionaleaiic.it\/#website"},"datePublished":"2023-04-21T11:02:38+00:00","dateModified":"2023-04-21T11:02:38+00:00","author":{"@id":"https:\/\/www.convegnonazionaleaiic.it\/#\/schema\/person\/e0ef119b65a94b11c87834cb0d995bd8"},"breadcrumb":{"@id":"https:\/\/www.convegnonazionaleaiic.it\/atrofia-corticale-nel-subdurale-cronico-ematoma-dallultra-struttura-alle-proprieta-fisiche\/#breadcrumb"},"inLanguage":"it-IT","potentialAction":[{"@type":"ReadAction","target":["https:\/\/www.convegnonazionaleaiic.it\/atrofia-corticale-nel-subdurale-cronico-ematoma-dallultra-struttura-alle-proprieta-fisiche\/"]}]},{"@type":"BreadcrumbList","@id":"https:\/\/www.convegnonazionaleaiic.it\/atrofia-corticale-nel-subdurale-cronico-ematoma-dallultra-struttura-alle-proprieta-fisiche\/#breadcrumb","itemListElement":[{"@type":"ListItem","position":1,"name":"Home","item":"https:\/\/www.convegnonazionaleaiic.it\/"},{"@type":"ListItem","position":2,"name":"ATROFIA CORTICALE NEL SUBDURALE CRONICO EMATOMA DALL\u2019ULTRA-STRUTTURA ALLE PROPRIET\u00c0 FISICHE"}]},{"@type":"WebSite","@id":"https:\/\/www.convegnonazionaleaiic.it\/#website","url":"https:\/\/www.convegnonazionaleaiic.it\/","name":"Convegno Nazionale AIIC","description":"AIIC 2023 - Convegno Nazionale Associazione Italiana Ingegneri Clinici","potentialAction":[{"@type":"SearchAction","target":{"@type":"EntryPoint","urlTemplate":"https:\/\/www.convegnonazionaleaiic.it\/?s={search_term_string}"},"query-input":"required name=search_term_string"}],"inLanguage":"it-IT"},{"@type":"Person","@id":"https:\/\/www.convegnonazionaleaiic.it\/#\/schema\/person\/e0ef119b65a94b11c87834cb0d995bd8","name":"algores","image":{"@type":"ImageObject","inLanguage":"it-IT","@id":"https:\/\/www.convegnonazionaleaiic.it\/#\/schema\/person\/image\/","url":"https:\/\/secure.gravatar.com\/avatar\/7996c5661c3d5749668b37cc47a67bc4?s=96&d=mm&r=g","contentUrl":"https:\/\/secure.gravatar.com\/avatar\/7996c5661c3d5749668b37cc47a67bc4?s=96&d=mm&r=g","caption":"algores"},"url":"https:\/\/www.convegnonazionaleaiic.it\/author\/algores\/"}]}},"_links":{"self":[{"href":"https:\/\/www.convegnonazionaleaiic.it\/wp-json\/wp\/v2\/posts\/7349"}],"collection":[{"href":"https:\/\/www.convegnonazionaleaiic.it\/wp-json\/wp\/v2\/posts"}],"about":[{"href":"https:\/\/www.convegnonazionaleaiic.it\/wp-json\/wp\/v2\/types\/post"}],"author":[{"embeddable":true,"href":"https:\/\/www.convegnonazionaleaiic.it\/wp-json\/wp\/v2\/users\/1"}],"replies":[{"embeddable":true,"href":"https:\/\/www.convegnonazionaleaiic.it\/wp-json\/wp\/v2\/comments?post=7349"}],"version-history":[{"count":0,"href":"https:\/\/www.convegnonazionaleaiic.it\/wp-json\/wp\/v2\/posts\/7349\/revisions"}],"wp:attachment":[{"href":"https:\/\/www.convegnonazionaleaiic.it\/wp-json\/wp\/v2\/media?parent=7349"}],"wp:term":[{"taxonomy":"category","embeddable":true,"href":"https:\/\/www.convegnonazionaleaiic.it\/wp-json\/wp\/v2\/categories?post=7349"},{"taxonomy":"post_tag","embeddable":true,"href":"https:\/\/www.convegnonazionaleaiic.it\/wp-json\/wp\/v2\/tags?post=7349"}],"curies":[{"name":"wp","href":"https:\/\/api.w.org\/{rel}","templated":true}]}}