{"id":7303,"date":"2023-04-21T13:02:21","date_gmt":"2023-04-21T11:02:21","guid":{"rendered":"https:\/\/www.convegnonazionaleaiic.it\/telemedicina-subito-integrare-soluzioni-di-telemedicina-nei-processi-attuali-e-gestire-levoluzione-verso-il-contesto-integrato-nazionale\/"},"modified":"2023-04-21T13:02:21","modified_gmt":"2023-04-21T11:02:21","slug":"telemedicina-subito-integrare-soluzioni-di-telemedicina-nei-processi-attuali-e-gestire-levoluzione-verso-il-contesto-integrato-nazionale","status":"publish","type":"post","link":"https:\/\/www.convegnonazionaleaiic.it\/telemedicina-subito-integrare-soluzioni-di-telemedicina-nei-processi-attuali-e-gestire-levoluzione-verso-il-contesto-integrato-nazionale\/","title":{"rendered":"\u201cTELEMEDICINA SUBITO!\u201d : INTEGRARE SOLUZIONI DI TELEMEDICINA NEI PROCESSI ATTUALI E GESTIRE L\u2019EVOLUZIONE VERSO IL CONTESTO INTEGRATO NAZIONALE"},"content":{"rendered":"<div class=\"row\">\n<div class=\"col-md-4\">\n<p><img decoding=\"async\" src=\"https:\/\/sem2000.s3.eu-west-1.amazonaws.com\/OLC\/6243878835313962107318373\/scent\/108805__8kViSaGz.jpg\" alt=\"\" width=\"80%\" \/><img decoding=\"async\" src=\"https:\/\/sem2000.s3.eu-west-1.amazonaws.com\/OLC\/6243878835313962107318373\/scent\/108805__kNabBXcj.jpg\" alt=\"\" width=\"80%\" \/> <\/p>\n<p><strong><span style=\"color: #bba188;\">AFFILIAZIONE<\/span><br \/>\n<\/strong>altems &#8211; universit\u00e0 cattolica del sacro cuore<\/p>\n<p><strong><span style=\"color: #bba188;\">AUTORE PRINCIPALE<\/span><br \/>\n<\/strong>Ing. Ferrara Fabrizio Massimo<\/p>\n<p>\n<strong><span style=\"color: #bba188;\">VALUTA IL CHALLENGE<\/span><\/strong>[ratingwidget]<\/p>\n<\/div>\n<div class=\"col-md-8\" style=\"border-left: 1px solid; border-color: #005c97;\">\n<p><a name=\"top\"><\/a><\/p>\n<p><strong><span style=\"color: #bba188;\">GRUPPO DI LAVORO<\/span><\/strong><br \/>\n<strong>Ing. Ferrara Fabrizio Massimo<\/strong> &#8211; altems &#8211; universit\u00e0 cattolica del sacro cuore, <i>roma<\/i><br \/> <strong>Dr. Fracasso Andrea<\/strong> &#8211; altems &#8211; universit\u00e0 cattolica del sacro cuore, <i>roma<\/i><br \/> <strong>Dr.ssa Papavero Sara Consilia<\/strong> &#8211; altems &#8211; universit\u00e0 cattolica del sacro cuore, <i>roma<\/i>                           <\/p>\n<p><strong><span style=\"color: #bba188;\">AREA TEMATICA<\/span><br \/>\n<\/strong>Sanit\u00e0 digitale e telemedicina<\/p>\n<p><strong><span style=\"color: #bba188;\">ABSTRACT<\/span><br \/>\n<\/strong>La telemedicina rappresenta un elemento abilitante per l\u2019evoluzione del sistema sanitario prevista dal PNRR per l\u2019interazione con i pazienti e la collaborazione territoriale. Occorre per\u00f2 non si riduca ad una tecnologia ed una attivit\u00e0 scollegata dalle attivit\u00e0 in presenza, ma sia una risorsa aggiuntiva nel percorso di cura. Deve essere integrata nei processi delle singole strutture, tenendo conto degli specifici requisiti clinico-organizzativi, della patologia e delle esigenze del paziente, che assume un ruolo sempre pi\u00f9 determinante.<\/p>\n<p>Le piattaforme nazionali richiederanno del tempo per essere operative. Occorre una strategia per poter -fin da subito- erogare le prestazioni, guidare il cambiamento ed essere pronti ad integrarsi tecnicamente ed organizzativamente nello scenario futuro. L\u2019approccio migliore \u00e8 partire \u201cdal basso\u201d: analizzando i processi esistenti nei singoli contesti sotto il profilo sanitario, organizzativo e amministrativo, e definendo quali attivit\u00e0 possano essere eseguite sostituendo il contatto in presenza con interazioni a distanza adottando temporaneamente un sistema di comunicazione sicuro, disponibile, di facile utilizzo e che non determini condizionamenti tecnici in futuro. Man mano che saranno disponibili le piattaforme istituzionali, il sistema di comunicazione adottato verr\u00e0 direttamente sostituito con queste, capitalizzando sull\u2019esperienza acquisita.<\/p>\n<p>Con questo approccio, gi\u00e0 da marzo 2020, il Laboratorio sui Sistemi Informativi dell\u2019ALTEMS ha avviato  \u201cTelemedicina Subito!\u201d, una collaborazione volontaria con oltre 20 organizzazioni sanitarie, con cui stati definiti manuali dettagliati su come erogare le prestazioni per diverse patologie e setting assistenziali, secondo gli stessi criteri delle prestazioni in presenza, ma sostituendo il contatto diretto con l\u2019interazione remota con il paziente attraverso una sistema di comunicazione sicuro, immediato e di uso comune (Skype, Teams, Zoom, \u2026). <\/p>\n<p>Per oltre 3.400 prestazioni sono raccolti indicatori per valutarne la validit\u00e0. Si riferiscono a 12 patologie diverse, oltre 1.100 pazienti di et\u00e0 fra 6 e 85 anni, che hanno espresso -in oltre l\u201980% dei casi-un livello di gradimento molto alto.<\/p>\n<p>Vale infine evidenziare l\u2019impatto sociale: dall\u2019analisi di 2.229 prestazioni \u00e8 emerso un risparmio di oltre 194.000 km, 4.500 ore in termini di spostamento, 148.000 \u20ac di spesa diretta e di oltre 18.5 tonnellate di emissioni di Co2.<\/p>\n<p>I manuali ed una analisi dettagliata su www.dati-sanita.it.<\/p>\n<p>&nbsp;<\/p>\n<p><iframe style=\"border: 1px solid #CCC; border-width: 1px; margin-bottom: 5px; max-width: 100%;\" src=\"https:\/\/www.slideshare.net\/slideshow\/embed_code\/key\/7hIGNN0fgy7G3h\" width=\"554\" height=\"459\" frameborder=\"0\" marginwidth=\"0\" marginheight=\"0\" scrolling=\"no\" allowfullscreen=\"allowfullscreen\"> <\/iframe><\/p>\n<p>&nbsp;<\/p>\n<p><strong><span style=\"color: #003366;\"><a style=\"color: #003366; text-decoration: underline;\" href=\"#top\">Torna su \u00bb<\/a><\/span><br \/>\n<\/strong><\/p>\n<\/div>\n<\/div>\n","protected":false},"excerpt":{"rendered":"<p>AFFILIAZIONE altems &#8211; universit\u00e0 cattolica del sacro cuore AUTORE PRINCIPALE Ing. Ferrara Fabrizio Massimo VALUTA IL CHALLENGE[ratingwidget] GRUPPO DI LAVORO Ing. Ferrara Fabrizio Massimo &#8211; altems &#8211; universit\u00e0 cattolica del sacro cuore, roma Dr. Fracasso Andrea &#8211; altems &#8211; universit\u00e0 cattolica del sacro cuore, roma Dr.ssa Papavero Sara Consilia &#8211; altems &#8211; universit\u00e0 cattolica del &hellip; <\/p>\n<p><a class=\"more-link btn\" href=\"https:\/\/www.convegnonazionaleaiic.it\/telemedicina-subito-integrare-soluzioni-di-telemedicina-nei-processi-attuali-e-gestire-levoluzione-verso-il-contesto-integrato-nazionale\/\">Continue reading &raquo;<\/a><\/p>\n","protected":false},"author":1,"featured_media":0,"comment_status":"open","ping_status":"open","sticky":false,"template":"","format":"standard","meta":{"_monsterinsights_skip_tracking":false,"_monsterinsights_sitenote_active":false,"_monsterinsights_sitenote_note":"","_monsterinsights_sitenote_category":0},"categories":[34],"tags":[],"yoast_head":"<!-- This site is optimized with the Yoast SEO plugin v21.8.1 - https:\/\/yoast.com\/wordpress\/plugins\/seo\/ -->\n<title>\u201cTELEMEDICINA SUBITO!\u201d : INTEGRARE SOLUZIONI DI TELEMEDICINA NEI PROCESSI ATTUALI E GESTIRE L\u2019EVOLUZIONE VERSO IL CONTESTO INTEGRATO NAZIONALE - Convegno Nazionale AIIC<\/title>\n<meta name=\"robots\" content=\"index, follow, max-snippet:-1, max-image-preview:large, max-video-preview:-1\" \/>\n<link rel=\"canonical\" href=\"https:\/\/www.convegnonazionaleaiic.it\/telemedicina-subito-integrare-soluzioni-di-telemedicina-nei-processi-attuali-e-gestire-levoluzione-verso-il-contesto-integrato-nazionale\/\" \/>\n<meta property=\"og:locale\" content=\"it_IT\" \/>\n<meta property=\"og:type\" content=\"article\" \/>\n<meta property=\"og:title\" content=\"\u201cTELEMEDICINA SUBITO!\u201d : INTEGRARE SOLUZIONI DI TELEMEDICINA NEI PROCESSI ATTUALI E GESTIRE L\u2019EVOLUZIONE VERSO IL CONTESTO INTEGRATO NAZIONALE - Convegno Nazionale AIIC\" \/>\n<meta property=\"og:description\" content=\"AFFILIAZIONE altems &#8211; universit\u00e0 cattolica del sacro cuore AUTORE PRINCIPALE Ing. Ferrara Fabrizio Massimo VALUTA IL CHALLENGE[ratingwidget] GRUPPO DI LAVORO Ing. Ferrara Fabrizio Massimo &#8211; altems &#8211; universit\u00e0 cattolica del sacro cuore, roma Dr. Fracasso Andrea &#8211; altems &#8211; universit\u00e0 cattolica del sacro cuore, roma Dr.ssa Papavero Sara Consilia &#8211; altems &#8211; universit\u00e0 cattolica del &hellip; Continue reading &raquo;\" \/>\n<meta property=\"og:url\" content=\"https:\/\/www.convegnonazionaleaiic.it\/telemedicina-subito-integrare-soluzioni-di-telemedicina-nei-processi-attuali-e-gestire-levoluzione-verso-il-contesto-integrato-nazionale\/\" \/>\n<meta property=\"og:site_name\" content=\"Convegno Nazionale AIIC\" \/>\n<meta property=\"article:published_time\" content=\"2023-04-21T11:02:21+00:00\" \/>\n<meta property=\"og:image\" content=\"https:\/\/sem2000.s3.eu-west-1.amazonaws.com\/OLC\/6243878835313962107318373\/scent\/108805__8kViSaGz.jpg\" \/>\n<meta name=\"author\" content=\"algores\" \/>\n<meta name=\"twitter:card\" content=\"summary_large_image\" \/>\n<meta name=\"twitter:label1\" content=\"Scritto da\" \/>\n\t<meta name=\"twitter:data1\" content=\"algores\" \/>\n\t<meta name=\"twitter:label2\" content=\"Tempo di lettura stimato\" \/>\n\t<meta name=\"twitter:data2\" content=\"2 minuti\" \/>\n<script type=\"application\/ld+json\" class=\"yoast-schema-graph\">{\"@context\":\"https:\/\/schema.org\",\"@graph\":[{\"@type\":\"WebPage\",\"@id\":\"https:\/\/www.convegnonazionaleaiic.it\/telemedicina-subito-integrare-soluzioni-di-telemedicina-nei-processi-attuali-e-gestire-levoluzione-verso-il-contesto-integrato-nazionale\/\",\"url\":\"https:\/\/www.convegnonazionaleaiic.it\/telemedicina-subito-integrare-soluzioni-di-telemedicina-nei-processi-attuali-e-gestire-levoluzione-verso-il-contesto-integrato-nazionale\/\",\"name\":\"\u201cTELEMEDICINA SUBITO!\u201d : INTEGRARE SOLUZIONI DI TELEMEDICINA NEI PROCESSI ATTUALI E GESTIRE L\u2019EVOLUZIONE VERSO IL CONTESTO INTEGRATO NAZIONALE - Convegno Nazionale AIIC\",\"isPartOf\":{\"@id\":\"https:\/\/www.convegnonazionaleaiic.it\/#website\"},\"datePublished\":\"2023-04-21T11:02:21+00:00\",\"dateModified\":\"2023-04-21T11:02:21+00:00\",\"author\":{\"@id\":\"https:\/\/www.convegnonazionaleaiic.it\/#\/schema\/person\/e0ef119b65a94b11c87834cb0d995bd8\"},\"breadcrumb\":{\"@id\":\"https:\/\/www.convegnonazionaleaiic.it\/telemedicina-subito-integrare-soluzioni-di-telemedicina-nei-processi-attuali-e-gestire-levoluzione-verso-il-contesto-integrato-nazionale\/#breadcrumb\"},\"inLanguage\":\"it-IT\",\"potentialAction\":[{\"@type\":\"ReadAction\",\"target\":[\"https:\/\/www.convegnonazionaleaiic.it\/telemedicina-subito-integrare-soluzioni-di-telemedicina-nei-processi-attuali-e-gestire-levoluzione-verso-il-contesto-integrato-nazionale\/\"]}]},{\"@type\":\"BreadcrumbList\",\"@id\":\"https:\/\/www.convegnonazionaleaiic.it\/telemedicina-subito-integrare-soluzioni-di-telemedicina-nei-processi-attuali-e-gestire-levoluzione-verso-il-contesto-integrato-nazionale\/#breadcrumb\",\"itemListElement\":[{\"@type\":\"ListItem\",\"position\":1,\"name\":\"Home\",\"item\":\"https:\/\/www.convegnonazionaleaiic.it\/\"},{\"@type\":\"ListItem\",\"position\":2,\"name\":\"\u201cTELEMEDICINA SUBITO!\u201d : INTEGRARE SOLUZIONI DI TELEMEDICINA NEI PROCESSI ATTUALI E GESTIRE L\u2019EVOLUZIONE VERSO IL CONTESTO INTEGRATO NAZIONALE\"}]},{\"@type\":\"WebSite\",\"@id\":\"https:\/\/www.convegnonazionaleaiic.it\/#website\",\"url\":\"https:\/\/www.convegnonazionaleaiic.it\/\",\"name\":\"Convegno Nazionale AIIC\",\"description\":\"AIIC 2023 - Convegno Nazionale Associazione Italiana Ingegneri Clinici\",\"potentialAction\":[{\"@type\":\"SearchAction\",\"target\":{\"@type\":\"EntryPoint\",\"urlTemplate\":\"https:\/\/www.convegnonazionaleaiic.it\/?s={search_term_string}\"},\"query-input\":\"required name=search_term_string\"}],\"inLanguage\":\"it-IT\"},{\"@type\":\"Person\",\"@id\":\"https:\/\/www.convegnonazionaleaiic.it\/#\/schema\/person\/e0ef119b65a94b11c87834cb0d995bd8\",\"name\":\"algores\",\"image\":{\"@type\":\"ImageObject\",\"inLanguage\":\"it-IT\",\"@id\":\"https:\/\/www.convegnonazionaleaiic.it\/#\/schema\/person\/image\/\",\"url\":\"https:\/\/secure.gravatar.com\/avatar\/7996c5661c3d5749668b37cc47a67bc4?s=96&d=mm&r=g\",\"contentUrl\":\"https:\/\/secure.gravatar.com\/avatar\/7996c5661c3d5749668b37cc47a67bc4?s=96&d=mm&r=g\",\"caption\":\"algores\"},\"url\":\"https:\/\/www.convegnonazionaleaiic.it\/author\/algores\/\"}]}<\/script>\n<!-- \/ Yoast SEO plugin. -->","yoast_head_json":{"title":"\u201cTELEMEDICINA SUBITO!\u201d : INTEGRARE SOLUZIONI DI TELEMEDICINA NEI PROCESSI ATTUALI E GESTIRE L\u2019EVOLUZIONE VERSO IL CONTESTO INTEGRATO NAZIONALE - Convegno Nazionale AIIC","robots":{"index":"index","follow":"follow","max-snippet":"max-snippet:-1","max-image-preview":"max-image-preview:large","max-video-preview":"max-video-preview:-1"},"canonical":"https:\/\/www.convegnonazionaleaiic.it\/telemedicina-subito-integrare-soluzioni-di-telemedicina-nei-processi-attuali-e-gestire-levoluzione-verso-il-contesto-integrato-nazionale\/","og_locale":"it_IT","og_type":"article","og_title":"\u201cTELEMEDICINA SUBITO!\u201d : INTEGRARE SOLUZIONI DI TELEMEDICINA NEI PROCESSI ATTUALI E GESTIRE L\u2019EVOLUZIONE VERSO IL CONTESTO INTEGRATO NAZIONALE - Convegno Nazionale AIIC","og_description":"AFFILIAZIONE altems &#8211; universit\u00e0 cattolica del sacro cuore AUTORE PRINCIPALE Ing. Ferrara Fabrizio Massimo VALUTA IL CHALLENGE[ratingwidget] GRUPPO DI LAVORO Ing. Ferrara Fabrizio Massimo &#8211; altems &#8211; universit\u00e0 cattolica del sacro cuore, roma Dr. Fracasso Andrea &#8211; altems &#8211; universit\u00e0 cattolica del sacro cuore, roma Dr.ssa Papavero Sara Consilia &#8211; altems &#8211; universit\u00e0 cattolica del &hellip; Continue reading &raquo;","og_url":"https:\/\/www.convegnonazionaleaiic.it\/telemedicina-subito-integrare-soluzioni-di-telemedicina-nei-processi-attuali-e-gestire-levoluzione-verso-il-contesto-integrato-nazionale\/","og_site_name":"Convegno Nazionale AIIC","article_published_time":"2023-04-21T11:02:21+00:00","og_image":[{"url":"https:\/\/sem2000.s3.eu-west-1.amazonaws.com\/OLC\/6243878835313962107318373\/scent\/108805__8kViSaGz.jpg"}],"author":"algores","twitter_card":"summary_large_image","twitter_misc":{"Scritto da":"algores","Tempo di lettura stimato":"2 minuti"},"schema":{"@context":"https:\/\/schema.org","@graph":[{"@type":"WebPage","@id":"https:\/\/www.convegnonazionaleaiic.it\/telemedicina-subito-integrare-soluzioni-di-telemedicina-nei-processi-attuali-e-gestire-levoluzione-verso-il-contesto-integrato-nazionale\/","url":"https:\/\/www.convegnonazionaleaiic.it\/telemedicina-subito-integrare-soluzioni-di-telemedicina-nei-processi-attuali-e-gestire-levoluzione-verso-il-contesto-integrato-nazionale\/","name":"\u201cTELEMEDICINA SUBITO!\u201d : INTEGRARE SOLUZIONI DI TELEMEDICINA NEI PROCESSI ATTUALI E GESTIRE L\u2019EVOLUZIONE VERSO IL CONTESTO INTEGRATO NAZIONALE - Convegno Nazionale AIIC","isPartOf":{"@id":"https:\/\/www.convegnonazionaleaiic.it\/#website"},"datePublished":"2023-04-21T11:02:21+00:00","dateModified":"2023-04-21T11:02:21+00:00","author":{"@id":"https:\/\/www.convegnonazionaleaiic.it\/#\/schema\/person\/e0ef119b65a94b11c87834cb0d995bd8"},"breadcrumb":{"@id":"https:\/\/www.convegnonazionaleaiic.it\/telemedicina-subito-integrare-soluzioni-di-telemedicina-nei-processi-attuali-e-gestire-levoluzione-verso-il-contesto-integrato-nazionale\/#breadcrumb"},"inLanguage":"it-IT","potentialAction":[{"@type":"ReadAction","target":["https:\/\/www.convegnonazionaleaiic.it\/telemedicina-subito-integrare-soluzioni-di-telemedicina-nei-processi-attuali-e-gestire-levoluzione-verso-il-contesto-integrato-nazionale\/"]}]},{"@type":"BreadcrumbList","@id":"https:\/\/www.convegnonazionaleaiic.it\/telemedicina-subito-integrare-soluzioni-di-telemedicina-nei-processi-attuali-e-gestire-levoluzione-verso-il-contesto-integrato-nazionale\/#breadcrumb","itemListElement":[{"@type":"ListItem","position":1,"name":"Home","item":"https:\/\/www.convegnonazionaleaiic.it\/"},{"@type":"ListItem","position":2,"name":"\u201cTELEMEDICINA SUBITO!\u201d : INTEGRARE SOLUZIONI DI TELEMEDICINA NEI PROCESSI ATTUALI E GESTIRE L\u2019EVOLUZIONE VERSO IL CONTESTO INTEGRATO NAZIONALE"}]},{"@type":"WebSite","@id":"https:\/\/www.convegnonazionaleaiic.it\/#website","url":"https:\/\/www.convegnonazionaleaiic.it\/","name":"Convegno Nazionale AIIC","description":"AIIC 2023 - Convegno Nazionale Associazione Italiana Ingegneri Clinici","potentialAction":[{"@type":"SearchAction","target":{"@type":"EntryPoint","urlTemplate":"https:\/\/www.convegnonazionaleaiic.it\/?s={search_term_string}"},"query-input":"required name=search_term_string"}],"inLanguage":"it-IT"},{"@type":"Person","@id":"https:\/\/www.convegnonazionaleaiic.it\/#\/schema\/person\/e0ef119b65a94b11c87834cb0d995bd8","name":"algores","image":{"@type":"ImageObject","inLanguage":"it-IT","@id":"https:\/\/www.convegnonazionaleaiic.it\/#\/schema\/person\/image\/","url":"https:\/\/secure.gravatar.com\/avatar\/7996c5661c3d5749668b37cc47a67bc4?s=96&d=mm&r=g","contentUrl":"https:\/\/secure.gravatar.com\/avatar\/7996c5661c3d5749668b37cc47a67bc4?s=96&d=mm&r=g","caption":"algores"},"url":"https:\/\/www.convegnonazionaleaiic.it\/author\/algores\/"}]}},"_links":{"self":[{"href":"https:\/\/www.convegnonazionaleaiic.it\/wp-json\/wp\/v2\/posts\/7303"}],"collection":[{"href":"https:\/\/www.convegnonazionaleaiic.it\/wp-json\/wp\/v2\/posts"}],"about":[{"href":"https:\/\/www.convegnonazionaleaiic.it\/wp-json\/wp\/v2\/types\/post"}],"author":[{"embeddable":true,"href":"https:\/\/www.convegnonazionaleaiic.it\/wp-json\/wp\/v2\/users\/1"}],"replies":[{"embeddable":true,"href":"https:\/\/www.convegnonazionaleaiic.it\/wp-json\/wp\/v2\/comments?post=7303"}],"version-history":[{"count":0,"href":"https:\/\/www.convegnonazionaleaiic.it\/wp-json\/wp\/v2\/posts\/7303\/revisions"}],"wp:attachment":[{"href":"https:\/\/www.convegnonazionaleaiic.it\/wp-json\/wp\/v2\/media?parent=7303"}],"wp:term":[{"taxonomy":"category","embeddable":true,"href":"https:\/\/www.convegnonazionaleaiic.it\/wp-json\/wp\/v2\/categories?post=7303"},{"taxonomy":"post_tag","embeddable":true,"href":"https:\/\/www.convegnonazionaleaiic.it\/wp-json\/wp\/v2\/tags?post=7303"}],"curies":[{"name":"wp","href":"https:\/\/api.w.org\/{rel}","templated":true}]}}