{"id":7291,"date":"2023-04-21T13:02:21","date_gmt":"2023-04-21T11:02:21","guid":{"rendered":"https:\/\/www.convegnonazionaleaiic.it\/il-supporto-di-estar-per-la-misura-m6-c1-1-2-2-device-per-cot-regione-toscana\/"},"modified":"2023-04-21T13:02:21","modified_gmt":"2023-04-21T11:02:21","slug":"il-supporto-di-estar-per-la-misura-m6-c1-1-2-2-device-per-cot-regione-toscana","status":"publish","type":"post","link":"https:\/\/www.convegnonazionaleaiic.it\/il-supporto-di-estar-per-la-misura-m6-c1-1-2-2-device-per-cot-regione-toscana\/","title":{"rendered":"IL SUPPORTO DI ESTAR PER LA MISURA M6 C1-1.2.2 DEVICE PER COT \u2013 REGIONE TOSCANA"},"content":{"rendered":"<div class=\"row\">\n<div class=\"col-md-4\">\n<p><img decoding=\"async\" src=\"https:\/\/sem2000.s3.eu-west-1.amazonaws.com\/OLC\/6243878835313962107318373\/scent\/108415__ggjZiTK8.jpg\" alt=\"\" width=\"80%\" \/><img decoding=\"async\" src=\"https:\/\/sem2000.s3.eu-west-1.amazonaws.com\/OLC\/6243878835313962107318373\/scent\/108415__bxuM0TsC.jpg\" alt=\"\" width=\"80%\" \/>  <\/p>\n<p><strong><span style=\"color: #bba188;\">AFFILIAZIONE<\/span><br \/>\n<\/strong>estar<\/p>\n<p><strong><span style=\"color: #bba188;\">AUTORE PRINCIPALE<\/span><br \/>\n<\/strong>Ing. Barberini Pietro<\/p>\n<p>\n<strong><span style=\"color: #bba188;\">VALUTA IL CHALLENGE<\/span><\/strong>[ratingwidget]<\/p>\n<\/div>\n<div class=\"col-md-8\" style=\"border-left: 1px solid; border-color: #005c97;\">\n<p><a name=\"top\"><\/a><\/p>\n<p><strong><span style=\"color: #bba188;\">GRUPPO DI LAVORO<\/span><\/strong><br \/>\n<strong>Dr. Matarrese Daniela<\/strong> &#8211; regione toscana, <i>firenze<\/i><br \/> <strong>Ing. Barberini Pietro<\/strong> &#8211; estar, <i>firenze<\/i><br \/> <strong>Ing. Niccolai Marco<\/strong> &#8211; , <i>firenze<\/i><br \/> <strong>Ing. Franchitti Alfredo<\/strong> &#8211; estar, <i>firenze<\/i><br \/> <strong>Ing. Calani Giulia<\/strong> &#8211; estar, <i>firenze<\/i><br \/> <strong>Ing. Scacciati Veronica<\/strong> &#8211; estar, <i>firenze<\/i><br \/> <strong>Ing. Cappelloni Ilaria<\/strong> &#8211; estar, <i>firenze<\/i>                       <\/p>\n<p><strong><span style=\"color: #bba188;\">AREA TEMATICA<\/span><br \/>\n<\/strong>Sanit\u00e0 digitale e telemedicina<\/p>\n<p><strong><span style=\"color: #bba188;\">ABSTRACT<\/span><br \/>\n<\/strong>Obiettivo: l&#8217;obiettivo \u00e8 acquisire 1660 device di 15 categorie merceologiche diverse per rendere maggiormente efficace l&#8217;intervento del personale medico ed infermieristico, delle COT, affinch\u00e9 possano rilevare i parametri vitali del paziente direttamente presso il domicilio e da qui, in alcuni casi, trasmetterli attraverso rete di telemedicina o altra infrastruttura di rete e sistemi informativi adeguati, alla cartella clinica elettronica e al fascicolo sanitario elettronico del paziente (FSE).<br \/>\nTali device verranno impiegati per rafforzare le prestazioni erogate sul territorio grazie al potenziamento tecnologico delle strutture e presidi territoriali (come le Case della Comunit\u00e0, gli Ospedali di Comunit\u00e0 e UCA) al fine di rafforzare l\u2019assistenza domiciliare, con lo sviluppo della telemedicina, fornendo cos\u00ec una pi\u00f9 efficace integrazione con tutti i servizi socio-sanitari.<br \/>\nCi\u00f2 consentir\u00e0 il monitoraggio delle cronicit\u00e0 e la conseguente riduzione degli accessi ospedalieri, potenziando l&#8217;interazione tra sanit\u00e0 territoriale e popolazione.<br \/>\nOrganizzazione e gestione delle attivit\u00e0: la Cabina di Regia \u00e8 affidata alla Regione Toscana, che individua il quadro economico e le tecnologie necessarie, oltre che gli utilizzatori finali. Estar predispone le procedure di acquisizione, dalla progettazione di gara fino alla consegna e collaudo nelle strutture riceventi delle Aziende Sanitarie.<br \/>\nProgrammazione delle acquisizioni: numero 45 ecografi portatili entro il 31\/12\/2022. Ulteriori categorie quali le valigette tecnologiche domiciliari, i dispositivi wearable e i sistemi di monitoraggio, oltre ad altre apparecchiature elettromedicali sono programmate per gli anni 2023 e 2024.<br \/>\nConclusioni: per ogni fornitura verr\u00e0 definita la composizione, seguir\u00e0 emissione degli ordinativi di fornitura, gestione delle consegne, pianificazione dei collaudi di accettazione, consegna e formazione presso le sedi di destinazione finale, rendicontazione su portale ReGis. Inoltre verranno valutate, per alcune tipologie di apparecchiature (ECG, Ecografi, Spirometri, Videodermatoscopi), l\u2019opportunit\u00e0 di strutturare una rete di telemedicina con punti di seconda lettura per consulto medico specialistico.<\/p>\n<p>&nbsp;<\/p>\n<p><iframe style=\"border: 1px solid #CCC; border-width: 1px; margin-bottom: 5px; max-width: 100%;\" src=\"https:\/\/www.slideshare.net\/slideshow\/embed_code\/key\/gBT1gBzzVbMA43\" width=\"554\" height=\"459\" frameborder=\"0\" marginwidth=\"0\" marginheight=\"0\" scrolling=\"no\" allowfullscreen=\"allowfullscreen\"> <\/iframe><\/p>\n<p>&nbsp;<\/p>\n<p><strong><span style=\"color: #003366;\"><a style=\"color: #003366; text-decoration: underline;\" href=\"#top\">Torna su \u00bb<\/a><\/span><br \/>\n<\/strong><\/p>\n<\/div>\n<\/div>\n","protected":false},"excerpt":{"rendered":"<p>AFFILIAZIONE estar AUTORE PRINCIPALE Ing. Barberini Pietro VALUTA IL CHALLENGE[ratingwidget] GRUPPO DI LAVORO Dr. Matarrese Daniela &#8211; regione toscana, firenze Ing. Barberini Pietro &#8211; estar, firenze Ing. Niccolai Marco &#8211; , firenze Ing. Franchitti Alfredo &#8211; estar, firenze Ing. Calani Giulia &#8211; estar, firenze Ing. Scacciati Veronica &#8211; estar, firenze Ing. Cappelloni Ilaria &#8211; estar, &hellip; <\/p>\n<p><a class=\"more-link btn\" href=\"https:\/\/www.convegnonazionaleaiic.it\/il-supporto-di-estar-per-la-misura-m6-c1-1-2-2-device-per-cot-regione-toscana\/\">Continue reading &raquo;<\/a><\/p>\n","protected":false},"author":1,"featured_media":0,"comment_status":"open","ping_status":"open","sticky":false,"template":"","format":"standard","meta":{"_monsterinsights_skip_tracking":false,"_monsterinsights_sitenote_active":false,"_monsterinsights_sitenote_note":"","_monsterinsights_sitenote_category":0},"categories":[34],"tags":[],"yoast_head":"<!-- This site is optimized with the Yoast SEO plugin v21.8.1 - https:\/\/yoast.com\/wordpress\/plugins\/seo\/ -->\n<title>IL SUPPORTO DI ESTAR PER LA MISURA M6 C1-1.2.2 DEVICE PER COT \u2013 REGIONE TOSCANA - Convegno Nazionale AIIC<\/title>\n<meta name=\"robots\" content=\"index, follow, max-snippet:-1, max-image-preview:large, max-video-preview:-1\" \/>\n<link rel=\"canonical\" href=\"https:\/\/www.convegnonazionaleaiic.it\/il-supporto-di-estar-per-la-misura-m6-c1-1-2-2-device-per-cot-regione-toscana\/\" \/>\n<meta property=\"og:locale\" content=\"it_IT\" \/>\n<meta property=\"og:type\" content=\"article\" \/>\n<meta property=\"og:title\" content=\"IL SUPPORTO DI ESTAR PER LA MISURA M6 C1-1.2.2 DEVICE PER COT \u2013 REGIONE TOSCANA - Convegno Nazionale AIIC\" \/>\n<meta property=\"og:description\" content=\"AFFILIAZIONE estar AUTORE PRINCIPALE Ing. Barberini Pietro VALUTA IL CHALLENGE[ratingwidget] GRUPPO DI LAVORO Dr. Matarrese Daniela &#8211; regione toscana, firenze Ing. Barberini Pietro &#8211; estar, firenze Ing. Niccolai Marco &#8211; , firenze Ing. Franchitti Alfredo &#8211; estar, firenze Ing. Calani Giulia &#8211; estar, firenze Ing. Scacciati Veronica &#8211; estar, firenze Ing. Cappelloni Ilaria &#8211; estar, &hellip; Continue reading &raquo;\" \/>\n<meta property=\"og:url\" content=\"https:\/\/www.convegnonazionaleaiic.it\/il-supporto-di-estar-per-la-misura-m6-c1-1-2-2-device-per-cot-regione-toscana\/\" \/>\n<meta property=\"og:site_name\" content=\"Convegno Nazionale AIIC\" \/>\n<meta property=\"article:published_time\" content=\"2023-04-21T11:02:21+00:00\" \/>\n<meta property=\"og:image\" content=\"https:\/\/sem2000.s3.eu-west-1.amazonaws.com\/OLC\/6243878835313962107318373\/scent\/108415__ggjZiTK8.jpg\" \/>\n<meta name=\"author\" content=\"algores\" \/>\n<meta name=\"twitter:card\" content=\"summary_large_image\" \/>\n<meta name=\"twitter:label1\" content=\"Scritto da\" \/>\n\t<meta name=\"twitter:data1\" content=\"algores\" \/>\n\t<meta name=\"twitter:label2\" content=\"Tempo di lettura stimato\" \/>\n\t<meta name=\"twitter:data2\" content=\"2 minuti\" \/>\n<script type=\"application\/ld+json\" class=\"yoast-schema-graph\">{\"@context\":\"https:\/\/schema.org\",\"@graph\":[{\"@type\":\"WebPage\",\"@id\":\"https:\/\/www.convegnonazionaleaiic.it\/il-supporto-di-estar-per-la-misura-m6-c1-1-2-2-device-per-cot-regione-toscana\/\",\"url\":\"https:\/\/www.convegnonazionaleaiic.it\/il-supporto-di-estar-per-la-misura-m6-c1-1-2-2-device-per-cot-regione-toscana\/\",\"name\":\"IL SUPPORTO DI ESTAR PER LA MISURA M6 C1-1.2.2 DEVICE PER COT \u2013 REGIONE TOSCANA - Convegno Nazionale AIIC\",\"isPartOf\":{\"@id\":\"https:\/\/www.convegnonazionaleaiic.it\/#website\"},\"datePublished\":\"2023-04-21T11:02:21+00:00\",\"dateModified\":\"2023-04-21T11:02:21+00:00\",\"author\":{\"@id\":\"https:\/\/www.convegnonazionaleaiic.it\/#\/schema\/person\/e0ef119b65a94b11c87834cb0d995bd8\"},\"breadcrumb\":{\"@id\":\"https:\/\/www.convegnonazionaleaiic.it\/il-supporto-di-estar-per-la-misura-m6-c1-1-2-2-device-per-cot-regione-toscana\/#breadcrumb\"},\"inLanguage\":\"it-IT\",\"potentialAction\":[{\"@type\":\"ReadAction\",\"target\":[\"https:\/\/www.convegnonazionaleaiic.it\/il-supporto-di-estar-per-la-misura-m6-c1-1-2-2-device-per-cot-regione-toscana\/\"]}]},{\"@type\":\"BreadcrumbList\",\"@id\":\"https:\/\/www.convegnonazionaleaiic.it\/il-supporto-di-estar-per-la-misura-m6-c1-1-2-2-device-per-cot-regione-toscana\/#breadcrumb\",\"itemListElement\":[{\"@type\":\"ListItem\",\"position\":1,\"name\":\"Home\",\"item\":\"https:\/\/www.convegnonazionaleaiic.it\/\"},{\"@type\":\"ListItem\",\"position\":2,\"name\":\"IL SUPPORTO DI ESTAR PER LA MISURA M6 C1-1.2.2 DEVICE PER COT \u2013 REGIONE TOSCANA\"}]},{\"@type\":\"WebSite\",\"@id\":\"https:\/\/www.convegnonazionaleaiic.it\/#website\",\"url\":\"https:\/\/www.convegnonazionaleaiic.it\/\",\"name\":\"Convegno Nazionale AIIC\",\"description\":\"AIIC 2023 - Convegno Nazionale Associazione Italiana Ingegneri Clinici\",\"potentialAction\":[{\"@type\":\"SearchAction\",\"target\":{\"@type\":\"EntryPoint\",\"urlTemplate\":\"https:\/\/www.convegnonazionaleaiic.it\/?s={search_term_string}\"},\"query-input\":\"required name=search_term_string\"}],\"inLanguage\":\"it-IT\"},{\"@type\":\"Person\",\"@id\":\"https:\/\/www.convegnonazionaleaiic.it\/#\/schema\/person\/e0ef119b65a94b11c87834cb0d995bd8\",\"name\":\"algores\",\"image\":{\"@type\":\"ImageObject\",\"inLanguage\":\"it-IT\",\"@id\":\"https:\/\/www.convegnonazionaleaiic.it\/#\/schema\/person\/image\/\",\"url\":\"https:\/\/secure.gravatar.com\/avatar\/7996c5661c3d5749668b37cc47a67bc4?s=96&d=mm&r=g\",\"contentUrl\":\"https:\/\/secure.gravatar.com\/avatar\/7996c5661c3d5749668b37cc47a67bc4?s=96&d=mm&r=g\",\"caption\":\"algores\"},\"url\":\"https:\/\/www.convegnonazionaleaiic.it\/author\/algores\/\"}]}<\/script>\n<!-- \/ Yoast SEO plugin. -->","yoast_head_json":{"title":"IL SUPPORTO DI ESTAR PER LA MISURA M6 C1-1.2.2 DEVICE PER COT \u2013 REGIONE TOSCANA - Convegno Nazionale AIIC","robots":{"index":"index","follow":"follow","max-snippet":"max-snippet:-1","max-image-preview":"max-image-preview:large","max-video-preview":"max-video-preview:-1"},"canonical":"https:\/\/www.convegnonazionaleaiic.it\/il-supporto-di-estar-per-la-misura-m6-c1-1-2-2-device-per-cot-regione-toscana\/","og_locale":"it_IT","og_type":"article","og_title":"IL SUPPORTO DI ESTAR PER LA MISURA M6 C1-1.2.2 DEVICE PER COT \u2013 REGIONE TOSCANA - Convegno Nazionale AIIC","og_description":"AFFILIAZIONE estar AUTORE PRINCIPALE Ing. Barberini Pietro VALUTA IL CHALLENGE[ratingwidget] GRUPPO DI LAVORO Dr. Matarrese Daniela &#8211; regione toscana, firenze Ing. Barberini Pietro &#8211; estar, firenze Ing. Niccolai Marco &#8211; , firenze Ing. Franchitti Alfredo &#8211; estar, firenze Ing. Calani Giulia &#8211; estar, firenze Ing. Scacciati Veronica &#8211; estar, firenze Ing. Cappelloni Ilaria &#8211; estar, &hellip; Continue reading &raquo;","og_url":"https:\/\/www.convegnonazionaleaiic.it\/il-supporto-di-estar-per-la-misura-m6-c1-1-2-2-device-per-cot-regione-toscana\/","og_site_name":"Convegno Nazionale AIIC","article_published_time":"2023-04-21T11:02:21+00:00","og_image":[{"url":"https:\/\/sem2000.s3.eu-west-1.amazonaws.com\/OLC\/6243878835313962107318373\/scent\/108415__ggjZiTK8.jpg"}],"author":"algores","twitter_card":"summary_large_image","twitter_misc":{"Scritto da":"algores","Tempo di lettura stimato":"2 minuti"},"schema":{"@context":"https:\/\/schema.org","@graph":[{"@type":"WebPage","@id":"https:\/\/www.convegnonazionaleaiic.it\/il-supporto-di-estar-per-la-misura-m6-c1-1-2-2-device-per-cot-regione-toscana\/","url":"https:\/\/www.convegnonazionaleaiic.it\/il-supporto-di-estar-per-la-misura-m6-c1-1-2-2-device-per-cot-regione-toscana\/","name":"IL SUPPORTO DI ESTAR PER LA MISURA M6 C1-1.2.2 DEVICE PER COT \u2013 REGIONE TOSCANA - Convegno Nazionale AIIC","isPartOf":{"@id":"https:\/\/www.convegnonazionaleaiic.it\/#website"},"datePublished":"2023-04-21T11:02:21+00:00","dateModified":"2023-04-21T11:02:21+00:00","author":{"@id":"https:\/\/www.convegnonazionaleaiic.it\/#\/schema\/person\/e0ef119b65a94b11c87834cb0d995bd8"},"breadcrumb":{"@id":"https:\/\/www.convegnonazionaleaiic.it\/il-supporto-di-estar-per-la-misura-m6-c1-1-2-2-device-per-cot-regione-toscana\/#breadcrumb"},"inLanguage":"it-IT","potentialAction":[{"@type":"ReadAction","target":["https:\/\/www.convegnonazionaleaiic.it\/il-supporto-di-estar-per-la-misura-m6-c1-1-2-2-device-per-cot-regione-toscana\/"]}]},{"@type":"BreadcrumbList","@id":"https:\/\/www.convegnonazionaleaiic.it\/il-supporto-di-estar-per-la-misura-m6-c1-1-2-2-device-per-cot-regione-toscana\/#breadcrumb","itemListElement":[{"@type":"ListItem","position":1,"name":"Home","item":"https:\/\/www.convegnonazionaleaiic.it\/"},{"@type":"ListItem","position":2,"name":"IL SUPPORTO DI ESTAR PER LA MISURA M6 C1-1.2.2 DEVICE PER COT \u2013 REGIONE TOSCANA"}]},{"@type":"WebSite","@id":"https:\/\/www.convegnonazionaleaiic.it\/#website","url":"https:\/\/www.convegnonazionaleaiic.it\/","name":"Convegno Nazionale AIIC","description":"AIIC 2023 - Convegno Nazionale Associazione Italiana Ingegneri Clinici","potentialAction":[{"@type":"SearchAction","target":{"@type":"EntryPoint","urlTemplate":"https:\/\/www.convegnonazionaleaiic.it\/?s={search_term_string}"},"query-input":"required name=search_term_string"}],"inLanguage":"it-IT"},{"@type":"Person","@id":"https:\/\/www.convegnonazionaleaiic.it\/#\/schema\/person\/e0ef119b65a94b11c87834cb0d995bd8","name":"algores","image":{"@type":"ImageObject","inLanguage":"it-IT","@id":"https:\/\/www.convegnonazionaleaiic.it\/#\/schema\/person\/image\/","url":"https:\/\/secure.gravatar.com\/avatar\/7996c5661c3d5749668b37cc47a67bc4?s=96&d=mm&r=g","contentUrl":"https:\/\/secure.gravatar.com\/avatar\/7996c5661c3d5749668b37cc47a67bc4?s=96&d=mm&r=g","caption":"algores"},"url":"https:\/\/www.convegnonazionaleaiic.it\/author\/algores\/"}]}},"_links":{"self":[{"href":"https:\/\/www.convegnonazionaleaiic.it\/wp-json\/wp\/v2\/posts\/7291"}],"collection":[{"href":"https:\/\/www.convegnonazionaleaiic.it\/wp-json\/wp\/v2\/posts"}],"about":[{"href":"https:\/\/www.convegnonazionaleaiic.it\/wp-json\/wp\/v2\/types\/post"}],"author":[{"embeddable":true,"href":"https:\/\/www.convegnonazionaleaiic.it\/wp-json\/wp\/v2\/users\/1"}],"replies":[{"embeddable":true,"href":"https:\/\/www.convegnonazionaleaiic.it\/wp-json\/wp\/v2\/comments?post=7291"}],"version-history":[{"count":0,"href":"https:\/\/www.convegnonazionaleaiic.it\/wp-json\/wp\/v2\/posts\/7291\/revisions"}],"wp:attachment":[{"href":"https:\/\/www.convegnonazionaleaiic.it\/wp-json\/wp\/v2\/media?parent=7291"}],"wp:term":[{"taxonomy":"category","embeddable":true,"href":"https:\/\/www.convegnonazionaleaiic.it\/wp-json\/wp\/v2\/categories?post=7291"},{"taxonomy":"post_tag","embeddable":true,"href":"https:\/\/www.convegnonazionaleaiic.it\/wp-json\/wp\/v2\/tags?post=7291"}],"curies":[{"name":"wp","href":"https:\/\/api.w.org\/{rel}","templated":true}]}}