{"id":7278,"date":"2023-04-21T13:02:16","date_gmt":"2023-04-21T11:02:16","guid":{"rendered":"https:\/\/www.convegnonazionaleaiic.it\/airborne-infection-room-retrofitting-airr\/"},"modified":"2023-04-21T13:02:16","modified_gmt":"2023-04-21T11:02:16","slug":"airborne-infection-room-retrofitting-airr","status":"publish","type":"post","link":"https:\/\/www.convegnonazionaleaiic.it\/airborne-infection-room-retrofitting-airr\/","title":{"rendered":"AIRBORNE INFECTION ROOM RETROFITTING &#8211; AIRR"},"content":{"rendered":"<div class=\"row\">\n<div class=\"col-md-4\">\n<p><img decoding=\"async\" src=\"https:\/\/sem2000.s3.eu-west-1.amazonaws.com\/OLC\/6243878835313962107318373\/scent\/108869__qPgfaiNZ.jpg\" alt=\"\" width=\"80%\" \/><img decoding=\"async\" src=\"https:\/\/sem2000.s3.eu-west-1.amazonaws.com\/OLC\/6243878835313962107318373\/scent\/108869__gAdkzaNX.jpg\" alt=\"\" width=\"80%\" \/>  <\/p>\n<p><strong><span style=\"color: #bba188;\">AFFILIAZIONE<\/span><br \/>\n<\/strong>azienda ospedaliero universitaria delle marche<\/p>\n<p><strong><span style=\"color: #bba188;\">AUTORE PRINCIPALE<\/span><br \/>\n<\/strong>Ing. Lucesoli Agnese<\/p>\n<p>\n<strong><span style=\"color: #bba188;\">VALUTA IL CHALLENGE<\/span><\/strong>[ratingwidget]<\/p>\n<\/div>\n<div class=\"col-md-8\" style=\"border-left: 1px solid; border-color: #005c97;\">\n<p><a name=\"top\"><\/a><\/p>\n<p><strong><span style=\"color: #bba188;\">GRUPPO DI LAVORO<\/span><\/strong><br \/>\n<strong>Prof D&#8217;Errico Marcello Mario<\/strong> &#8211; azienda ospedaliero universitaria delle marche, <i>ancona<\/i><br \/> <strong>Ing. Lucesoli Agnese<\/strong> &#8211; azienda ospedaliero universitaria delle marche, <i>ancona<\/i><br \/> <strong> Allegrezza Giulietti Roberto<\/strong> &#8211; azienda ospedaliero universitaria delle marche, <i>ancona<\/i><br \/> <strong> Bruschi Roberto<\/strong> &#8211; azienda ospedaliero universitaria delle marche, <i>ancona<\/i><br \/> <strong>Dr.ssa Martini Enrica<\/strong> &#8211; azienda ospedaliero universitaria delle marche, <i>ancona<\/i><br \/> <strong>Dr. Salvi Aldo<\/strong> &#8211; veryditas, <i>ancona<\/i><br \/> <strong>Dr.ssa Nitti Cinzia<\/strong> &#8211; azienda ospedaliero universitaria delle marche, <i>ancona<\/i><br \/> <strong>Dr.ssa Talevi Giulia<\/strong> &#8211; azienda ospedaliero universitaria delle marche, <i>ancona<\/i><br \/> <strong> Bertelli Fausto<\/strong> &#8211; b.b. impianti s.r.l., <i>lurago marinone (co)<\/i><br \/> <strong> Poniti Nicolas<\/strong> &#8211; b.b. impianti s.r.l., <i>lurago marinone (co)<\/i><br \/> <strong>Ing. Gambale Alessandro<\/strong> &#8211; buildwind sprl, <i>bruxelles<\/i><br \/> <strong> Obando Vega Pedro<\/strong> &#8211; buildwind sprl, <i>bruxelles<\/i><br \/> <strong>Ing. Mosca Gabriele<\/strong> &#8211; buildwind sprl, <i>bruxelles<\/i><br \/> <strong>Dr. Tavio Marcello<\/strong> &#8211; veryditas, <i>ancona<\/i>                <\/p>\n<p><strong><span style=\"color: #bba188;\">AREA TEMATICA<\/span><br \/>\n<\/strong>Innovazione (prodotti e servizi)<\/p>\n<p><strong><span style=\"color: #bba188;\">ABSTRACT<\/span><br \/>\n<\/strong>La recente pandemia da COVID-19 ha focalizzato l\u2019attenzione sulla trasmissione delle infezioni per via aerea, a cui numerosi studi attribuiscono ormai un ruolo chiave in numerose patologie respiratorie.<br \/>\nLa gestione delle malattie a trasmissione aerea, tradizionalmente confinata ai reparti per infetti progettati per tale scopo, pu\u00f2 tuttavia rendersi necessaria in qualsiasi reparto ospedaliero qualora il paziente richieda assistenza specialistica per patologie differenti (es. cardiologiche, chirurgiche).<br \/>\nLa tecnologia Nicfa-Virtuoso consente di dotare qualsiasi locale di caratteristiche ambientali adatte a ricoverare tali pazienti in sicurezza nel setting assistenziale pi\u00f9 idoneo. Essa consiste in un sistema di ventilazione aggiuntivo a quello ospedaliero, che aspira aria dalla stanza attraverso bocchette collocate in prossimit\u00e0 dei testaletto. L\u2019aria, trattata con filtri assoluti, \u00e8 in parte ricircolata in ambiente e in parte espulsa: in questo modo la stanza si trova a pressione inferiore rispetto all\u2019esterno e l\u2019aria contaminata rimane confinata all\u2019interno. Dal momento che l\u2019aria reimmessa a ricircolo \u00e8 trattata con filtri assoluti, la tecnologia offre l\u2019ulteriore vantaggio di ridurre la contaminazione particellare e microbiologica all\u2019interno della stanza.<br \/>\nIl sistema \u00e8 dotato di controllo elettronico che, quando la porta della stanza \u00e8 aperta, incrementa al massimo la portata d\u2019aria cos\u00ec da minimizzare il rischio di fuoriuscita d&#8217;aria contaminata all&#8217;esterno.<br \/>\nIl sistema permette di monitorare a distanza da qualsiasi dispositivo mobile lo stato di funzionamento dell\u2019impianto, i parametri ambientali di contaminazione particellare e pressione differenziale e i dati relativi all\u2019apertura della porta della stanza. Tali informazioni, memorizzate su cloud, possono rivelarsi preziose per l\u2019attivit\u00e0 di controllo delle infezioni in ambito ospedaliero.<br \/>\nIl sistema \u00e8 dotato anche di telecamera per monitorare visivamente i pazienti da remoto, con il duplice vantaggio di ottimizzare gli ingressi del personale nella stanza e di consentire interventi tempestivi in caso di pazienti critici.<br \/>\nLa tecnologia si \u00e8 rivelata efficace per il contenimento delle infezioni: dal momento dell\u2019installazione nei reparti interessati non si sono pi\u00f9 verificati contagi da COVID-19 tra operatori e pazienti. Tale soluzione pu\u00f2 essere quindi utilizzata in qualsiasi reparto ospedaliero ogni qualvolta si ha la necessit\u00e0 di ricoverare un paziente affetto da patologia a trasmissione aerea.<\/p>\n<p>&nbsp;<\/p>\n<p><iframe style=\"border: 1px solid #CCC; border-width: 1px; margin-bottom: 5px; max-width: 100%;\" src=\"https:\/\/www.slideshare.net\/slideshow\/embed_code\/key\/qaMdqsATyRYJmQ\" width=\"554\" height=\"459\" frameborder=\"0\" marginwidth=\"0\" marginheight=\"0\" scrolling=\"no\" allowfullscreen=\"allowfullscreen\"> <\/iframe><\/p>\n<p>&nbsp;<\/p>\n<p><strong><span style=\"color: #003366;\"><a style=\"color: #003366; text-decoration: underline;\" href=\"#top\">Torna su \u00bb<\/a><\/span><br \/>\n<\/strong><\/p>\n<\/div>\n<\/div>\n","protected":false},"excerpt":{"rendered":"<p>AFFILIAZIONE azienda ospedaliero universitaria delle marche AUTORE PRINCIPALE Ing. Lucesoli Agnese VALUTA IL CHALLENGE[ratingwidget] GRUPPO DI LAVORO Prof D&#8217;Errico Marcello Mario &#8211; azienda ospedaliero universitaria delle marche, ancona Ing. Lucesoli Agnese &#8211; azienda ospedaliero universitaria delle marche, ancona Allegrezza Giulietti Roberto &#8211; azienda ospedaliero universitaria delle marche, ancona Bruschi Roberto &#8211; azienda ospedaliero universitaria delle &hellip; <\/p>\n<p><a class=\"more-link btn\" href=\"https:\/\/www.convegnonazionaleaiic.it\/airborne-infection-room-retrofitting-airr\/\">Continue reading &raquo;<\/a><\/p>\n","protected":false},"author":1,"featured_media":0,"comment_status":"open","ping_status":"open","sticky":false,"template":"","format":"standard","meta":{"_monsterinsights_skip_tracking":false,"_monsterinsights_sitenote_active":false,"_monsterinsights_sitenote_note":"","_monsterinsights_sitenote_category":0},"categories":[33],"tags":[],"yoast_head":"<!-- This site is optimized with the Yoast SEO plugin v21.8.1 - https:\/\/yoast.com\/wordpress\/plugins\/seo\/ -->\n<title>AIRBORNE INFECTION ROOM RETROFITTING - AIRR - Convegno Nazionale AIIC<\/title>\n<meta name=\"robots\" content=\"index, follow, max-snippet:-1, max-image-preview:large, max-video-preview:-1\" \/>\n<link rel=\"canonical\" href=\"https:\/\/www.convegnonazionaleaiic.it\/airborne-infection-room-retrofitting-airr\/\" \/>\n<meta property=\"og:locale\" content=\"it_IT\" \/>\n<meta property=\"og:type\" content=\"article\" \/>\n<meta property=\"og:title\" content=\"AIRBORNE INFECTION ROOM RETROFITTING - AIRR - Convegno Nazionale AIIC\" \/>\n<meta property=\"og:description\" content=\"AFFILIAZIONE azienda ospedaliero universitaria delle marche AUTORE PRINCIPALE Ing. Lucesoli Agnese VALUTA IL CHALLENGE[ratingwidget] GRUPPO DI LAVORO Prof D&#8217;Errico Marcello Mario &#8211; azienda ospedaliero universitaria delle marche, ancona Ing. Lucesoli Agnese &#8211; azienda ospedaliero universitaria delle marche, ancona Allegrezza Giulietti Roberto &#8211; azienda ospedaliero universitaria delle marche, ancona Bruschi Roberto &#8211; azienda ospedaliero universitaria delle &hellip; Continue reading &raquo;\" \/>\n<meta property=\"og:url\" content=\"https:\/\/www.convegnonazionaleaiic.it\/airborne-infection-room-retrofitting-airr\/\" \/>\n<meta property=\"og:site_name\" content=\"Convegno Nazionale AIIC\" \/>\n<meta property=\"article:published_time\" content=\"2023-04-21T11:02:16+00:00\" \/>\n<meta property=\"og:image\" content=\"https:\/\/sem2000.s3.eu-west-1.amazonaws.com\/OLC\/6243878835313962107318373\/scent\/108869__qPgfaiNZ.jpg\" \/>\n<meta name=\"author\" content=\"algores\" \/>\n<meta name=\"twitter:card\" content=\"summary_large_image\" \/>\n<meta name=\"twitter:label1\" content=\"Scritto da\" \/>\n\t<meta name=\"twitter:data1\" content=\"algores\" \/>\n\t<meta name=\"twitter:label2\" content=\"Tempo di lettura stimato\" \/>\n\t<meta name=\"twitter:data2\" content=\"3 minuti\" \/>\n<script type=\"application\/ld+json\" class=\"yoast-schema-graph\">{\"@context\":\"https:\/\/schema.org\",\"@graph\":[{\"@type\":\"WebPage\",\"@id\":\"https:\/\/www.convegnonazionaleaiic.it\/airborne-infection-room-retrofitting-airr\/\",\"url\":\"https:\/\/www.convegnonazionaleaiic.it\/airborne-infection-room-retrofitting-airr\/\",\"name\":\"AIRBORNE INFECTION ROOM RETROFITTING - AIRR - Convegno Nazionale AIIC\",\"isPartOf\":{\"@id\":\"https:\/\/www.convegnonazionaleaiic.it\/#website\"},\"datePublished\":\"2023-04-21T11:02:16+00:00\",\"dateModified\":\"2023-04-21T11:02:16+00:00\",\"author\":{\"@id\":\"https:\/\/www.convegnonazionaleaiic.it\/#\/schema\/person\/e0ef119b65a94b11c87834cb0d995bd8\"},\"breadcrumb\":{\"@id\":\"https:\/\/www.convegnonazionaleaiic.it\/airborne-infection-room-retrofitting-airr\/#breadcrumb\"},\"inLanguage\":\"it-IT\",\"potentialAction\":[{\"@type\":\"ReadAction\",\"target\":[\"https:\/\/www.convegnonazionaleaiic.it\/airborne-infection-room-retrofitting-airr\/\"]}]},{\"@type\":\"BreadcrumbList\",\"@id\":\"https:\/\/www.convegnonazionaleaiic.it\/airborne-infection-room-retrofitting-airr\/#breadcrumb\",\"itemListElement\":[{\"@type\":\"ListItem\",\"position\":1,\"name\":\"Home\",\"item\":\"https:\/\/www.convegnonazionaleaiic.it\/\"},{\"@type\":\"ListItem\",\"position\":2,\"name\":\"AIRBORNE INFECTION ROOM RETROFITTING &#8211; AIRR\"}]},{\"@type\":\"WebSite\",\"@id\":\"https:\/\/www.convegnonazionaleaiic.it\/#website\",\"url\":\"https:\/\/www.convegnonazionaleaiic.it\/\",\"name\":\"Convegno Nazionale AIIC\",\"description\":\"AIIC 2023 - Convegno Nazionale Associazione Italiana Ingegneri Clinici\",\"potentialAction\":[{\"@type\":\"SearchAction\",\"target\":{\"@type\":\"EntryPoint\",\"urlTemplate\":\"https:\/\/www.convegnonazionaleaiic.it\/?s={search_term_string}\"},\"query-input\":\"required name=search_term_string\"}],\"inLanguage\":\"it-IT\"},{\"@type\":\"Person\",\"@id\":\"https:\/\/www.convegnonazionaleaiic.it\/#\/schema\/person\/e0ef119b65a94b11c87834cb0d995bd8\",\"name\":\"algores\",\"image\":{\"@type\":\"ImageObject\",\"inLanguage\":\"it-IT\",\"@id\":\"https:\/\/www.convegnonazionaleaiic.it\/#\/schema\/person\/image\/\",\"url\":\"https:\/\/secure.gravatar.com\/avatar\/7996c5661c3d5749668b37cc47a67bc4?s=96&d=mm&r=g\",\"contentUrl\":\"https:\/\/secure.gravatar.com\/avatar\/7996c5661c3d5749668b37cc47a67bc4?s=96&d=mm&r=g\",\"caption\":\"algores\"},\"url\":\"https:\/\/www.convegnonazionaleaiic.it\/author\/algores\/\"}]}<\/script>\n<!-- \/ Yoast SEO plugin. -->","yoast_head_json":{"title":"AIRBORNE INFECTION ROOM RETROFITTING - AIRR - Convegno Nazionale AIIC","robots":{"index":"index","follow":"follow","max-snippet":"max-snippet:-1","max-image-preview":"max-image-preview:large","max-video-preview":"max-video-preview:-1"},"canonical":"https:\/\/www.convegnonazionaleaiic.it\/airborne-infection-room-retrofitting-airr\/","og_locale":"it_IT","og_type":"article","og_title":"AIRBORNE INFECTION ROOM RETROFITTING - AIRR - Convegno Nazionale AIIC","og_description":"AFFILIAZIONE azienda ospedaliero universitaria delle marche AUTORE PRINCIPALE Ing. Lucesoli Agnese VALUTA IL CHALLENGE[ratingwidget] GRUPPO DI LAVORO Prof D&#8217;Errico Marcello Mario &#8211; azienda ospedaliero universitaria delle marche, ancona Ing. Lucesoli Agnese &#8211; azienda ospedaliero universitaria delle marche, ancona Allegrezza Giulietti Roberto &#8211; azienda ospedaliero universitaria delle marche, ancona Bruschi Roberto &#8211; azienda ospedaliero universitaria delle &hellip; Continue reading &raquo;","og_url":"https:\/\/www.convegnonazionaleaiic.it\/airborne-infection-room-retrofitting-airr\/","og_site_name":"Convegno Nazionale AIIC","article_published_time":"2023-04-21T11:02:16+00:00","og_image":[{"url":"https:\/\/sem2000.s3.eu-west-1.amazonaws.com\/OLC\/6243878835313962107318373\/scent\/108869__qPgfaiNZ.jpg"}],"author":"algores","twitter_card":"summary_large_image","twitter_misc":{"Scritto da":"algores","Tempo di lettura stimato":"3 minuti"},"schema":{"@context":"https:\/\/schema.org","@graph":[{"@type":"WebPage","@id":"https:\/\/www.convegnonazionaleaiic.it\/airborne-infection-room-retrofitting-airr\/","url":"https:\/\/www.convegnonazionaleaiic.it\/airborne-infection-room-retrofitting-airr\/","name":"AIRBORNE INFECTION ROOM RETROFITTING - AIRR - Convegno Nazionale AIIC","isPartOf":{"@id":"https:\/\/www.convegnonazionaleaiic.it\/#website"},"datePublished":"2023-04-21T11:02:16+00:00","dateModified":"2023-04-21T11:02:16+00:00","author":{"@id":"https:\/\/www.convegnonazionaleaiic.it\/#\/schema\/person\/e0ef119b65a94b11c87834cb0d995bd8"},"breadcrumb":{"@id":"https:\/\/www.convegnonazionaleaiic.it\/airborne-infection-room-retrofitting-airr\/#breadcrumb"},"inLanguage":"it-IT","potentialAction":[{"@type":"ReadAction","target":["https:\/\/www.convegnonazionaleaiic.it\/airborne-infection-room-retrofitting-airr\/"]}]},{"@type":"BreadcrumbList","@id":"https:\/\/www.convegnonazionaleaiic.it\/airborne-infection-room-retrofitting-airr\/#breadcrumb","itemListElement":[{"@type":"ListItem","position":1,"name":"Home","item":"https:\/\/www.convegnonazionaleaiic.it\/"},{"@type":"ListItem","position":2,"name":"AIRBORNE INFECTION ROOM RETROFITTING &#8211; AIRR"}]},{"@type":"WebSite","@id":"https:\/\/www.convegnonazionaleaiic.it\/#website","url":"https:\/\/www.convegnonazionaleaiic.it\/","name":"Convegno Nazionale AIIC","description":"AIIC 2023 - Convegno Nazionale Associazione Italiana Ingegneri Clinici","potentialAction":[{"@type":"SearchAction","target":{"@type":"EntryPoint","urlTemplate":"https:\/\/www.convegnonazionaleaiic.it\/?s={search_term_string}"},"query-input":"required name=search_term_string"}],"inLanguage":"it-IT"},{"@type":"Person","@id":"https:\/\/www.convegnonazionaleaiic.it\/#\/schema\/person\/e0ef119b65a94b11c87834cb0d995bd8","name":"algores","image":{"@type":"ImageObject","inLanguage":"it-IT","@id":"https:\/\/www.convegnonazionaleaiic.it\/#\/schema\/person\/image\/","url":"https:\/\/secure.gravatar.com\/avatar\/7996c5661c3d5749668b37cc47a67bc4?s=96&d=mm&r=g","contentUrl":"https:\/\/secure.gravatar.com\/avatar\/7996c5661c3d5749668b37cc47a67bc4?s=96&d=mm&r=g","caption":"algores"},"url":"https:\/\/www.convegnonazionaleaiic.it\/author\/algores\/"}]}},"_links":{"self":[{"href":"https:\/\/www.convegnonazionaleaiic.it\/wp-json\/wp\/v2\/posts\/7278"}],"collection":[{"href":"https:\/\/www.convegnonazionaleaiic.it\/wp-json\/wp\/v2\/posts"}],"about":[{"href":"https:\/\/www.convegnonazionaleaiic.it\/wp-json\/wp\/v2\/types\/post"}],"author":[{"embeddable":true,"href":"https:\/\/www.convegnonazionaleaiic.it\/wp-json\/wp\/v2\/users\/1"}],"replies":[{"embeddable":true,"href":"https:\/\/www.convegnonazionaleaiic.it\/wp-json\/wp\/v2\/comments?post=7278"}],"version-history":[{"count":0,"href":"https:\/\/www.convegnonazionaleaiic.it\/wp-json\/wp\/v2\/posts\/7278\/revisions"}],"wp:attachment":[{"href":"https:\/\/www.convegnonazionaleaiic.it\/wp-json\/wp\/v2\/media?parent=7278"}],"wp:term":[{"taxonomy":"category","embeddable":true,"href":"https:\/\/www.convegnonazionaleaiic.it\/wp-json\/wp\/v2\/categories?post=7278"},{"taxonomy":"post_tag","embeddable":true,"href":"https:\/\/www.convegnonazionaleaiic.it\/wp-json\/wp\/v2\/tags?post=7278"}],"curies":[{"name":"wp","href":"https:\/\/api.w.org\/{rel}","templated":true}]}}