{"id":7241,"date":"2023-04-21T13:02:04","date_gmt":"2023-04-21T11:02:04","guid":{"rendered":"https:\/\/www.convegnonazionaleaiic.it\/applicazione-del-metodo-idef0-per-la-riorganizzazione-funzionale-del-percorso-prericovero\/"},"modified":"2023-04-21T13:02:04","modified_gmt":"2023-04-21T11:02:04","slug":"applicazione-del-metodo-idef0-per-la-riorganizzazione-funzionale-del-percorso-prericovero","status":"publish","type":"post","link":"https:\/\/www.convegnonazionaleaiic.it\/applicazione-del-metodo-idef0-per-la-riorganizzazione-funzionale-del-percorso-prericovero\/","title":{"rendered":"APPLICAZIONE DEL METODO IDEF0 PER LA RIORGANIZZAZIONE FUNZIONALE DEL PERCORSO PRERICOVERO"},"content":{"rendered":"<div class=\"row\">\n<div class=\"col-md-4\">\n<p><img decoding=\"async\" src=\"https:\/\/sem2000.s3.eu-west-1.amazonaws.com\/OLC\/6243878835313962107318373\/scent\/108762__qVEWEqiW.jpg\" alt=\"\" width=\"80%\" \/><img decoding=\"async\" src=\"https:\/\/sem2000.s3.eu-west-1.amazonaws.com\/OLC\/6243878835313962107318373\/scent\/108762__RzfkgLkg.jpg\" alt=\"\" width=\"80%\" \/> <\/p>\n<p><strong><span style=\"color: #bba188;\">AFFILIAZIONE<\/span><br \/>\n<\/strong>asst sette laghi, s.c. gestione operativa e next generation eu<\/p>\n<p><strong><span style=\"color: #bba188;\">AUTORE PRINCIPALE<\/span><br \/>\n<\/strong>Ing. Squara Anna<\/p>\n<p>\n<strong><span style=\"color: #bba188;\">VALUTA IL CHALLENGE<\/span><\/strong>[ratingwidget]<\/p>\n<\/div>\n<div class=\"col-md-8\" style=\"border-left: 1px solid; border-color: #005c97;\">\n<p><a name=\"top\"><\/a><\/p>\n<p><strong><span style=\"color: #bba188;\">GRUPPO DI LAVORO<\/span><\/strong><br \/>\n<strong>Ing. Squara Anna<\/strong> &#8211; asst sette laghi, s.c. gestione operativa e next generation eu, <i>varese<\/i><br \/> <strong>Dott. Sternativo Ivan<\/strong> &#8211; asst sette laghi, s.c. area accoglienza e cup aziendali, <i>varese<\/i><br \/> <strong>Dott.ssa Castiglioni Battistina<\/strong> &#8211; asst sette laghi, s.c. cardiologia 2, <i>varese<\/i><br \/> <strong>Dott. Bacuzzi Alessandro<\/strong> &#8211; asst sette laghi, s.c. anestesia e blocchi operatori, <i>varese<\/i><br \/> <strong>Dott.ssa Cozzi Simona<\/strong> &#8211; asst sette laghi, s.c. anestesia e blocchi operatori, <i>varese<\/i><br \/> <strong>Dott.ssa Beati Silvia<\/strong> &#8211; asst sette laghi, s.c. direzione assistenziale delle professioni sanitarie e sociali, <i>varese<\/i><br \/> <strong>Dott.ssa Franceschetti Sonia<\/strong> &#8211; asst sette laghi, s.c. direzione assistenziale delle professioni sanitarie e sociali, <i>varese<\/i><br \/> <strong>Ing. Poggialini Giovanni<\/strong> &#8211; asst settelaghi, s.c. gestione operativa e next generation eu, <i>varese<\/i>                      <\/p>\n<p><strong><span style=\"color: #bba188;\">AREA TEMATICA<\/span><br \/>\n<\/strong>Reingegnerizzazione data driven di percorsi e processi<\/p>\n<p><strong><span style=\"color: #bba188;\">ABSTRACT<\/span><br \/>\n<\/strong>Il prericovero costituisce un punto nodale per l\u2019attivit\u00e0 chirurgica di un\u2019azienda sanitaria, pertanto \u00e8 stato creato un sistema efficiente ed efficace che permette una gestione fluida dei pazienti in funzione della programmazione operatoria. L\u2019Asst dei Sette Laghi gestisce 50 sale operatorie suddivise su 6 poli ospedalieri con un volume di fatturato di circa 256 milioni di euro tra attivit\u00e0 di ricovero e ambulatoriale (2019).<br \/>\nIl progetto si pone tre tipologie di obiettivi:<br \/>\n-Obiettivi di produzione ed efficienza per pazienti e operatori sanitari<br \/>\n-Obiettivi di qualit\u00e0 per gli operatori sanitari<br \/>\n-Obiettivi di outcome per i pazienti<br \/>\nIl progetto \u00e8 stato sviluppato in medotologia IDEF0 (Integration Definition fon Function Modeling), attraverso una rappresentazione strutturata delle attivit\u00e0\/processi che compongono il sistema di prericovero. In questo modo \u00e8 stato possibile analizzare in maniera sistematica le attivit\u00e0 core del processo, concentrandosi principalmente su pratiche standard e politiche di controllo finalizzate al corretto espletamento delle stesse. Allo stesso tempo vengono monitorate le risorse utilizzate durante il processo, i risultati delle attivit\u00e0 (output) e sulle \u201cmaterie prime\u201d su cui agisce l\u2019attivit\u00e0 (input).<br \/>\nTale approccio ha permesso di ottimizzare il percorso diagnostico del paziente riducendo del 50% i tempi di esecuzione del prericovero, andando ad efficientare sia il percorso sia la customer experiece del paziente. E\u2019 stato implementato il numero e la tipologia di rilevazione parametri di base attraverso l\u2019introduzione di monitor per la registrazione di parametri vitali ed ECG paperless (in fase di integrazione con CCE). Per rispondere alla programmazione chirurgica \u00e8 stata incrementata la capacit\u00e0 produttiva del 156%, passando da 25 a 64 pazienti\/die, in questo modo \u00e8 stato possibile creare per ogni specialit\u00e0 chirurgica un buffer di pazienti idonei pari a 3 settimane di attivit\u00e0. Uniformando aziendalmente il percorso di prericovero \u00e8 stato possibile migliorare il rispetto dei tempi delle priorit\u00e0 chirurgiche e ad incidere positivamente sugli esiti del percorso di cura del paziente, come per esempio la riduzione delle complicanze post intervento.<\/p>\n<p>&nbsp;<\/p>\n<p><iframe style=\"border: 1px solid #CCC; border-width: 1px; margin-bottom: 5px; max-width: 100%;\" src=\"https:\/\/www.slideshare.net\/slideshow\/embed_code\/key\/hkbYcs5ccmow64\" width=\"554\" height=\"459\" frameborder=\"0\" marginwidth=\"0\" marginheight=\"0\" scrolling=\"no\" allowfullscreen=\"allowfullscreen\"> <\/iframe><\/p>\n<p>&nbsp;<\/p>\n<p><strong><span style=\"color: #003366;\"><a style=\"color: #003366; text-decoration: underline;\" href=\"#top\">Torna su \u00bb<\/a><\/span><br \/>\n<\/strong><\/p>\n<\/div>\n<\/div>\n","protected":false},"excerpt":{"rendered":"<p>AFFILIAZIONE asst sette laghi, s.c. gestione operativa e next generation eu AUTORE PRINCIPALE Ing. Squara Anna VALUTA IL CHALLENGE[ratingwidget] GRUPPO DI LAVORO Ing. Squara Anna &#8211; asst sette laghi, s.c. gestione operativa e next generation eu, varese Dott. Sternativo Ivan &#8211; asst sette laghi, s.c. area accoglienza e cup aziendali, varese Dott.ssa Castiglioni Battistina &#8211; &hellip; <\/p>\n<p><a class=\"more-link btn\" href=\"https:\/\/www.convegnonazionaleaiic.it\/applicazione-del-metodo-idef0-per-la-riorganizzazione-funzionale-del-percorso-prericovero\/\">Continue reading &raquo;<\/a><\/p>\n","protected":false},"author":1,"featured_media":0,"comment_status":"open","ping_status":"open","sticky":false,"template":"","format":"standard","meta":{"_monsterinsights_skip_tracking":false,"_monsterinsights_sitenote_active":false,"_monsterinsights_sitenote_note":"","_monsterinsights_sitenote_category":0},"categories":[32],"tags":[],"yoast_head":"<!-- This site is optimized with the Yoast SEO plugin v21.8.1 - https:\/\/yoast.com\/wordpress\/plugins\/seo\/ -->\n<title>APPLICAZIONE DEL METODO IDEF0 PER LA RIORGANIZZAZIONE FUNZIONALE DEL PERCORSO PRERICOVERO - Convegno Nazionale AIIC<\/title>\n<meta name=\"robots\" content=\"index, follow, max-snippet:-1, max-image-preview:large, max-video-preview:-1\" \/>\n<link rel=\"canonical\" href=\"https:\/\/www.convegnonazionaleaiic.it\/applicazione-del-metodo-idef0-per-la-riorganizzazione-funzionale-del-percorso-prericovero\/\" \/>\n<meta property=\"og:locale\" content=\"it_IT\" \/>\n<meta property=\"og:type\" content=\"article\" \/>\n<meta property=\"og:title\" content=\"APPLICAZIONE DEL METODO IDEF0 PER LA RIORGANIZZAZIONE FUNZIONALE DEL PERCORSO PRERICOVERO - Convegno Nazionale AIIC\" \/>\n<meta property=\"og:description\" content=\"AFFILIAZIONE asst sette laghi, s.c. gestione operativa e next generation eu AUTORE PRINCIPALE Ing. Squara Anna VALUTA IL CHALLENGE[ratingwidget] GRUPPO DI LAVORO Ing. Squara Anna &#8211; asst sette laghi, s.c. gestione operativa e next generation eu, varese Dott. Sternativo Ivan &#8211; asst sette laghi, s.c. area accoglienza e cup aziendali, varese Dott.ssa Castiglioni Battistina &#8211; &hellip; Continue reading &raquo;\" \/>\n<meta property=\"og:url\" content=\"https:\/\/www.convegnonazionaleaiic.it\/applicazione-del-metodo-idef0-per-la-riorganizzazione-funzionale-del-percorso-prericovero\/\" \/>\n<meta property=\"og:site_name\" content=\"Convegno Nazionale AIIC\" \/>\n<meta property=\"article:published_time\" content=\"2023-04-21T11:02:04+00:00\" \/>\n<meta property=\"og:image\" content=\"https:\/\/sem2000.s3.eu-west-1.amazonaws.com\/OLC\/6243878835313962107318373\/scent\/108762__qVEWEqiW.jpg\" \/>\n<meta name=\"author\" content=\"algores\" \/>\n<meta name=\"twitter:card\" content=\"summary_large_image\" \/>\n<meta name=\"twitter:label1\" content=\"Scritto da\" \/>\n\t<meta name=\"twitter:data1\" content=\"algores\" \/>\n\t<meta name=\"twitter:label2\" content=\"Tempo di lettura stimato\" \/>\n\t<meta name=\"twitter:data2\" content=\"2 minuti\" \/>\n<script type=\"application\/ld+json\" class=\"yoast-schema-graph\">{\"@context\":\"https:\/\/schema.org\",\"@graph\":[{\"@type\":\"WebPage\",\"@id\":\"https:\/\/www.convegnonazionaleaiic.it\/applicazione-del-metodo-idef0-per-la-riorganizzazione-funzionale-del-percorso-prericovero\/\",\"url\":\"https:\/\/www.convegnonazionaleaiic.it\/applicazione-del-metodo-idef0-per-la-riorganizzazione-funzionale-del-percorso-prericovero\/\",\"name\":\"APPLICAZIONE DEL METODO IDEF0 PER LA RIORGANIZZAZIONE FUNZIONALE DEL PERCORSO PRERICOVERO - Convegno Nazionale AIIC\",\"isPartOf\":{\"@id\":\"https:\/\/www.convegnonazionaleaiic.it\/#website\"},\"datePublished\":\"2023-04-21T11:02:04+00:00\",\"dateModified\":\"2023-04-21T11:02:04+00:00\",\"author\":{\"@id\":\"https:\/\/www.convegnonazionaleaiic.it\/#\/schema\/person\/e0ef119b65a94b11c87834cb0d995bd8\"},\"breadcrumb\":{\"@id\":\"https:\/\/www.convegnonazionaleaiic.it\/applicazione-del-metodo-idef0-per-la-riorganizzazione-funzionale-del-percorso-prericovero\/#breadcrumb\"},\"inLanguage\":\"it-IT\",\"potentialAction\":[{\"@type\":\"ReadAction\",\"target\":[\"https:\/\/www.convegnonazionaleaiic.it\/applicazione-del-metodo-idef0-per-la-riorganizzazione-funzionale-del-percorso-prericovero\/\"]}]},{\"@type\":\"BreadcrumbList\",\"@id\":\"https:\/\/www.convegnonazionaleaiic.it\/applicazione-del-metodo-idef0-per-la-riorganizzazione-funzionale-del-percorso-prericovero\/#breadcrumb\",\"itemListElement\":[{\"@type\":\"ListItem\",\"position\":1,\"name\":\"Home\",\"item\":\"https:\/\/www.convegnonazionaleaiic.it\/\"},{\"@type\":\"ListItem\",\"position\":2,\"name\":\"APPLICAZIONE DEL METODO IDEF0 PER LA RIORGANIZZAZIONE FUNZIONALE DEL PERCORSO PRERICOVERO\"}]},{\"@type\":\"WebSite\",\"@id\":\"https:\/\/www.convegnonazionaleaiic.it\/#website\",\"url\":\"https:\/\/www.convegnonazionaleaiic.it\/\",\"name\":\"Convegno Nazionale AIIC\",\"description\":\"AIIC 2023 - Convegno Nazionale Associazione Italiana Ingegneri Clinici\",\"potentialAction\":[{\"@type\":\"SearchAction\",\"target\":{\"@type\":\"EntryPoint\",\"urlTemplate\":\"https:\/\/www.convegnonazionaleaiic.it\/?s={search_term_string}\"},\"query-input\":\"required name=search_term_string\"}],\"inLanguage\":\"it-IT\"},{\"@type\":\"Person\",\"@id\":\"https:\/\/www.convegnonazionaleaiic.it\/#\/schema\/person\/e0ef119b65a94b11c87834cb0d995bd8\",\"name\":\"algores\",\"image\":{\"@type\":\"ImageObject\",\"inLanguage\":\"it-IT\",\"@id\":\"https:\/\/www.convegnonazionaleaiic.it\/#\/schema\/person\/image\/\",\"url\":\"https:\/\/secure.gravatar.com\/avatar\/7996c5661c3d5749668b37cc47a67bc4?s=96&d=mm&r=g\",\"contentUrl\":\"https:\/\/secure.gravatar.com\/avatar\/7996c5661c3d5749668b37cc47a67bc4?s=96&d=mm&r=g\",\"caption\":\"algores\"},\"url\":\"https:\/\/www.convegnonazionaleaiic.it\/author\/algores\/\"}]}<\/script>\n<!-- \/ Yoast SEO plugin. -->","yoast_head_json":{"title":"APPLICAZIONE DEL METODO IDEF0 PER LA RIORGANIZZAZIONE FUNZIONALE DEL PERCORSO PRERICOVERO - Convegno Nazionale AIIC","robots":{"index":"index","follow":"follow","max-snippet":"max-snippet:-1","max-image-preview":"max-image-preview:large","max-video-preview":"max-video-preview:-1"},"canonical":"https:\/\/www.convegnonazionaleaiic.it\/applicazione-del-metodo-idef0-per-la-riorganizzazione-funzionale-del-percorso-prericovero\/","og_locale":"it_IT","og_type":"article","og_title":"APPLICAZIONE DEL METODO IDEF0 PER LA RIORGANIZZAZIONE FUNZIONALE DEL PERCORSO PRERICOVERO - Convegno Nazionale AIIC","og_description":"AFFILIAZIONE asst sette laghi, s.c. gestione operativa e next generation eu AUTORE PRINCIPALE Ing. Squara Anna VALUTA IL CHALLENGE[ratingwidget] GRUPPO DI LAVORO Ing. Squara Anna &#8211; asst sette laghi, s.c. gestione operativa e next generation eu, varese Dott. Sternativo Ivan &#8211; asst sette laghi, s.c. area accoglienza e cup aziendali, varese Dott.ssa Castiglioni Battistina &#8211; &hellip; Continue reading &raquo;","og_url":"https:\/\/www.convegnonazionaleaiic.it\/applicazione-del-metodo-idef0-per-la-riorganizzazione-funzionale-del-percorso-prericovero\/","og_site_name":"Convegno Nazionale AIIC","article_published_time":"2023-04-21T11:02:04+00:00","og_image":[{"url":"https:\/\/sem2000.s3.eu-west-1.amazonaws.com\/OLC\/6243878835313962107318373\/scent\/108762__qVEWEqiW.jpg"}],"author":"algores","twitter_card":"summary_large_image","twitter_misc":{"Scritto da":"algores","Tempo di lettura stimato":"2 minuti"},"schema":{"@context":"https:\/\/schema.org","@graph":[{"@type":"WebPage","@id":"https:\/\/www.convegnonazionaleaiic.it\/applicazione-del-metodo-idef0-per-la-riorganizzazione-funzionale-del-percorso-prericovero\/","url":"https:\/\/www.convegnonazionaleaiic.it\/applicazione-del-metodo-idef0-per-la-riorganizzazione-funzionale-del-percorso-prericovero\/","name":"APPLICAZIONE DEL METODO IDEF0 PER LA RIORGANIZZAZIONE FUNZIONALE DEL PERCORSO PRERICOVERO - Convegno Nazionale AIIC","isPartOf":{"@id":"https:\/\/www.convegnonazionaleaiic.it\/#website"},"datePublished":"2023-04-21T11:02:04+00:00","dateModified":"2023-04-21T11:02:04+00:00","author":{"@id":"https:\/\/www.convegnonazionaleaiic.it\/#\/schema\/person\/e0ef119b65a94b11c87834cb0d995bd8"},"breadcrumb":{"@id":"https:\/\/www.convegnonazionaleaiic.it\/applicazione-del-metodo-idef0-per-la-riorganizzazione-funzionale-del-percorso-prericovero\/#breadcrumb"},"inLanguage":"it-IT","potentialAction":[{"@type":"ReadAction","target":["https:\/\/www.convegnonazionaleaiic.it\/applicazione-del-metodo-idef0-per-la-riorganizzazione-funzionale-del-percorso-prericovero\/"]}]},{"@type":"BreadcrumbList","@id":"https:\/\/www.convegnonazionaleaiic.it\/applicazione-del-metodo-idef0-per-la-riorganizzazione-funzionale-del-percorso-prericovero\/#breadcrumb","itemListElement":[{"@type":"ListItem","position":1,"name":"Home","item":"https:\/\/www.convegnonazionaleaiic.it\/"},{"@type":"ListItem","position":2,"name":"APPLICAZIONE DEL METODO IDEF0 PER LA RIORGANIZZAZIONE FUNZIONALE DEL PERCORSO PRERICOVERO"}]},{"@type":"WebSite","@id":"https:\/\/www.convegnonazionaleaiic.it\/#website","url":"https:\/\/www.convegnonazionaleaiic.it\/","name":"Convegno Nazionale AIIC","description":"AIIC 2023 - Convegno Nazionale Associazione Italiana Ingegneri Clinici","potentialAction":[{"@type":"SearchAction","target":{"@type":"EntryPoint","urlTemplate":"https:\/\/www.convegnonazionaleaiic.it\/?s={search_term_string}"},"query-input":"required name=search_term_string"}],"inLanguage":"it-IT"},{"@type":"Person","@id":"https:\/\/www.convegnonazionaleaiic.it\/#\/schema\/person\/e0ef119b65a94b11c87834cb0d995bd8","name":"algores","image":{"@type":"ImageObject","inLanguage":"it-IT","@id":"https:\/\/www.convegnonazionaleaiic.it\/#\/schema\/person\/image\/","url":"https:\/\/secure.gravatar.com\/avatar\/7996c5661c3d5749668b37cc47a67bc4?s=96&d=mm&r=g","contentUrl":"https:\/\/secure.gravatar.com\/avatar\/7996c5661c3d5749668b37cc47a67bc4?s=96&d=mm&r=g","caption":"algores"},"url":"https:\/\/www.convegnonazionaleaiic.it\/author\/algores\/"}]}},"_links":{"self":[{"href":"https:\/\/www.convegnonazionaleaiic.it\/wp-json\/wp\/v2\/posts\/7241"}],"collection":[{"href":"https:\/\/www.convegnonazionaleaiic.it\/wp-json\/wp\/v2\/posts"}],"about":[{"href":"https:\/\/www.convegnonazionaleaiic.it\/wp-json\/wp\/v2\/types\/post"}],"author":[{"embeddable":true,"href":"https:\/\/www.convegnonazionaleaiic.it\/wp-json\/wp\/v2\/users\/1"}],"replies":[{"embeddable":true,"href":"https:\/\/www.convegnonazionaleaiic.it\/wp-json\/wp\/v2\/comments?post=7241"}],"version-history":[{"count":0,"href":"https:\/\/www.convegnonazionaleaiic.it\/wp-json\/wp\/v2\/posts\/7241\/revisions"}],"wp:attachment":[{"href":"https:\/\/www.convegnonazionaleaiic.it\/wp-json\/wp\/v2\/media?parent=7241"}],"wp:term":[{"taxonomy":"category","embeddable":true,"href":"https:\/\/www.convegnonazionaleaiic.it\/wp-json\/wp\/v2\/categories?post=7241"},{"taxonomy":"post_tag","embeddable":true,"href":"https:\/\/www.convegnonazionaleaiic.it\/wp-json\/wp\/v2\/tags?post=7241"}],"curies":[{"name":"wp","href":"https:\/\/api.w.org\/{rel}","templated":true}]}}