{"id":7233,"date":"2023-04-21T13:02:04","date_gmt":"2023-04-21T11:02:04","guid":{"rendered":"https:\/\/www.convegnonazionaleaiic.it\/la-razionalizzazione-dei-fabbisogni-come-driver-della-programmazione-degli-investimenti-per-le-aziende-sanitarie-caso-studio-ares-sardegna\/"},"modified":"2023-04-21T13:02:04","modified_gmt":"2023-04-21T11:02:04","slug":"la-razionalizzazione-dei-fabbisogni-come-driver-della-programmazione-degli-investimenti-per-le-aziende-sanitarie-caso-studio-ares-sardegna","status":"publish","type":"post","link":"https:\/\/www.convegnonazionaleaiic.it\/la-razionalizzazione-dei-fabbisogni-come-driver-della-programmazione-degli-investimenti-per-le-aziende-sanitarie-caso-studio-ares-sardegna\/","title":{"rendered":"LA RAZIONALIZZAZIONE DEI FABBISOGNI COME DRIVER DELLA PROGRAMMAZIONE DEGLI INVESTIMENTI PER LE AZIENDE SANITARIE: CASO STUDIO ARES SARDEGNA"},"content":{"rendered":"<div class=\"row\">\n<div class=\"col-md-4\">\n<p><img decoding=\"async\" src=\"https:\/\/sem2000.s3.eu-west-1.amazonaws.com\/OLC\/6243878835313962107318373\/scent\/108425__FItAKWFT.jpg\" alt=\"\" width=\"80%\" \/><img decoding=\"async\" src=\"https:\/\/sem2000.s3.eu-west-1.amazonaws.com\/OLC\/6243878835313962107318373\/scent\/108425__2GVkTCuq.jpg\" alt=\"\" width=\"80%\" \/>    <\/p>\n<p><strong><span style=\"color: #bba188;\">AFFILIAZIONE<\/span><br \/>\n<\/strong>ares sardegna &#8211; s.c. governo delle tecnologie sanitarie<\/p>\n<p><strong><span style=\"color: #bba188;\">AUTORE PRINCIPALE<\/span><br \/>\n<\/strong>Ing. Spissu Marco<\/p>\n<p>\n<strong><span style=\"color: #bba188;\">VALUTA IL CHALLENGE<\/span><\/strong>[ratingwidget]<\/p>\n<\/div>\n<div class=\"col-md-8\" style=\"border-left: 1px solid; border-color: #005c97;\">\n<p><a name=\"top\"><\/a><\/p>\n<p><strong><span style=\"color: #bba188;\">GRUPPO DI LAVORO<\/span><\/strong><br \/>\n<strong>Ing. Artizzu Viviana Ersilia Teresa<\/strong> &#8211; ares sardegna &#8211; s.c. governo delle tecnologie sanitarie, <i>cagliari<\/i><br \/> <strong>Ing. Balloccu Martina<\/strong> &#8211; ares sardegna &#8211; s.c. governo delle tecnologie sanitarie, <i>cagliari<\/i><br \/> <strong>Ing. Meloni Carla<\/strong> &#8211; ares sardegna &#8211; s.c. governo delle tecnologie sanitarie, <i>cagliari<\/i><br \/> <strong>Ing. Spissu Marco<\/strong> &#8211; ares sardegna &#8211; s.c. governo delle tecnologie sanitarie, <i>cagliari<\/i>                          <\/p>\n<p><strong><span style=\"color: #bba188;\">AREA TEMATICA<\/span><br \/>\n<\/strong>Reingegnerizzazione data driven di percorsi e processi<\/p>\n<p><strong><span style=\"color: #bba188;\">ABSTRACT<\/span><br \/>\n<\/strong>La razionalizzazione della raccolta dei fabbisogni rappresenta uno strumento fondamentale per la corretta programmazione degli investimenti di un\u2019Azienda Sanitaria. Tale processo di razionalizzazione \u00e8 tanto pi\u00f9 importante e necessario, quanto maggiori sono le dimensioni della realt\u00e0 territoriale afferente all\u2019Azienda, alfine di garantire l\u2019appropriatezza degli acquisti e massimizzare l\u2019efficacia e l\u2019efficienza del processo di procurement.<br \/>\nL\u2019obiettivo del lavoro \u00e8 quello di presentare il percorso che ha portato allo sviluppo di uno strumento informatico che garantir\u00e0 non solo la standardizzazione del processo di raccolta dei fabbisogni, ma anche la scalabilit\u00e0 e la bidirezionalit\u00e0 dello stesso, favorendo l\u2019implementazione di una nuova modalit\u00e0 gestionale. In particolare, lo strumento proposto oltre a migliorare notevolmente la gestione delle richieste di approvvigionamento, essendo sfruttabile sia con approccio Bottom-Up, dall\u2019U.O. al Gestore del fabbisogno, che viceversa con approccio Top-Down, favorir\u00e0 il pieno rispetto delle tempistiche di programmazione degli investimenti ex art.21 del D.Lgs. 50\/2016.<br \/>\nIl suo utilizzo pertanto assicurer\u00e0 l\u2019eventuale scalabilit\u00e0 del processo, definendo la possibilit\u00e0 di valutare il fabbisogno sia dal punto di vista della singola U.O.\/Dipartimento\/Azienda Sanitaria, che rapportarlo nel contesto regionale, secondo l\u2019interesse di una Centrale di committenza.<br \/>\nIl processo che ha portato all\u2019evoluzione delle modalit\u00e0 di raccolta del fabbisogno di ARES Sardegna \u00e8 stato influenzato dalla recente riorganizzazione che ha interessato il SSR della Regione, ed ha visto il passaggio dall\u2019utilizzo di un modulo di raccolta delle richieste a compilazione manuale, all\u2019implementazione di un Form informatizzato di raccolta dati, fino allo sviluppo di un software dedicato, a servizio delle nuove modalit\u00e0 gestionali di recente implementazione. Durante la definizione delle specifiche tecniche del software, il gruppo di lavoro ha valutato le precedenti modalit\u00e0 di raccolta, individuando i principali punti di forza e debolezza. Ci\u00f2 ha permesso uno sviluppo del software maggiormente aderente alle nuove esigenze di gestione del fabbisogno. Tale strumento consentir\u00e0, una volta a regime, la realizzazione di una base dati delle esigenze di investimenti standardizzata, fortemente validata, scalabile e condivisa, facilitando notevolmente tutti i processi di budgeting, procurement e buying delle tecnologie sanitarie.<\/p>\n<p>&nbsp;<\/p>\n<p><iframe style=\"border: 1px solid #CCC; border-width: 1px; margin-bottom: 5px; max-width: 100%;\" src=\"https:\/\/www.slideshare.net\/slideshow\/embed_code\/key\/AoCwvntLqca3J9\" width=\"554\" height=\"459\" frameborder=\"0\" marginwidth=\"0\" marginheight=\"0\" scrolling=\"no\" allowfullscreen=\"allowfullscreen\"> <\/iframe><\/p>\n<p>&nbsp;<\/p>\n<p><strong><span style=\"color: #003366;\"><a style=\"color: #003366; text-decoration: underline;\" href=\"#top\">Torna su \u00bb<\/a><\/span><br \/>\n<\/strong><\/p>\n<\/div>\n<\/div>\n","protected":false},"excerpt":{"rendered":"<p>AFFILIAZIONE ares sardegna &#8211; s.c. governo delle tecnologie sanitarie AUTORE PRINCIPALE Ing. Spissu Marco VALUTA IL CHALLENGE[ratingwidget] GRUPPO DI LAVORO Ing. Artizzu Viviana Ersilia Teresa &#8211; ares sardegna &#8211; s.c. governo delle tecnologie sanitarie, cagliari Ing. Balloccu Martina &#8211; ares sardegna &#8211; s.c. governo delle tecnologie sanitarie, cagliari Ing. Meloni Carla &#8211; ares sardegna &#8211; &hellip; <\/p>\n<p><a class=\"more-link btn\" href=\"https:\/\/www.convegnonazionaleaiic.it\/la-razionalizzazione-dei-fabbisogni-come-driver-della-programmazione-degli-investimenti-per-le-aziende-sanitarie-caso-studio-ares-sardegna\/\">Continue reading &raquo;<\/a><\/p>\n","protected":false},"author":1,"featured_media":0,"comment_status":"open","ping_status":"open","sticky":false,"template":"","format":"standard","meta":{"_monsterinsights_skip_tracking":false,"_monsterinsights_sitenote_active":false,"_monsterinsights_sitenote_note":"","_monsterinsights_sitenote_category":0},"categories":[32],"tags":[],"yoast_head":"<!-- This site is optimized with the Yoast SEO plugin v21.8.1 - https:\/\/yoast.com\/wordpress\/plugins\/seo\/ -->\n<title>LA RAZIONALIZZAZIONE DEI FABBISOGNI COME DRIVER DELLA PROGRAMMAZIONE DEGLI INVESTIMENTI PER LE AZIENDE SANITARIE: CASO STUDIO ARES SARDEGNA - Convegno Nazionale AIIC<\/title>\n<meta name=\"robots\" content=\"index, follow, max-snippet:-1, max-image-preview:large, max-video-preview:-1\" \/>\n<link rel=\"canonical\" href=\"https:\/\/www.convegnonazionaleaiic.it\/la-razionalizzazione-dei-fabbisogni-come-driver-della-programmazione-degli-investimenti-per-le-aziende-sanitarie-caso-studio-ares-sardegna\/\" \/>\n<meta property=\"og:locale\" content=\"it_IT\" \/>\n<meta property=\"og:type\" content=\"article\" \/>\n<meta property=\"og:title\" content=\"LA RAZIONALIZZAZIONE DEI FABBISOGNI COME DRIVER DELLA PROGRAMMAZIONE DEGLI INVESTIMENTI PER LE AZIENDE SANITARIE: CASO STUDIO ARES SARDEGNA - Convegno Nazionale AIIC\" \/>\n<meta property=\"og:description\" content=\"AFFILIAZIONE ares sardegna &#8211; s.c. governo delle tecnologie sanitarie AUTORE PRINCIPALE Ing. Spissu Marco VALUTA IL CHALLENGE[ratingwidget] GRUPPO DI LAVORO Ing. Artizzu Viviana Ersilia Teresa &#8211; ares sardegna &#8211; s.c. governo delle tecnologie sanitarie, cagliari Ing. Balloccu Martina &#8211; ares sardegna &#8211; s.c. governo delle tecnologie sanitarie, cagliari Ing. Meloni Carla &#8211; ares sardegna &#8211; &hellip; Continue reading &raquo;\" \/>\n<meta property=\"og:url\" content=\"https:\/\/www.convegnonazionaleaiic.it\/la-razionalizzazione-dei-fabbisogni-come-driver-della-programmazione-degli-investimenti-per-le-aziende-sanitarie-caso-studio-ares-sardegna\/\" \/>\n<meta property=\"og:site_name\" content=\"Convegno Nazionale AIIC\" \/>\n<meta property=\"article:published_time\" content=\"2023-04-21T11:02:04+00:00\" \/>\n<meta property=\"og:image\" content=\"https:\/\/sem2000.s3.eu-west-1.amazonaws.com\/OLC\/6243878835313962107318373\/scent\/108425__FItAKWFT.jpg\" \/>\n<meta name=\"author\" content=\"algores\" \/>\n<meta name=\"twitter:card\" content=\"summary_large_image\" \/>\n<meta name=\"twitter:label1\" content=\"Scritto da\" \/>\n\t<meta name=\"twitter:data1\" content=\"algores\" \/>\n\t<meta name=\"twitter:label2\" content=\"Tempo di lettura stimato\" \/>\n\t<meta name=\"twitter:data2\" content=\"2 minuti\" \/>\n<script type=\"application\/ld+json\" class=\"yoast-schema-graph\">{\"@context\":\"https:\/\/schema.org\",\"@graph\":[{\"@type\":\"WebPage\",\"@id\":\"https:\/\/www.convegnonazionaleaiic.it\/la-razionalizzazione-dei-fabbisogni-come-driver-della-programmazione-degli-investimenti-per-le-aziende-sanitarie-caso-studio-ares-sardegna\/\",\"url\":\"https:\/\/www.convegnonazionaleaiic.it\/la-razionalizzazione-dei-fabbisogni-come-driver-della-programmazione-degli-investimenti-per-le-aziende-sanitarie-caso-studio-ares-sardegna\/\",\"name\":\"LA RAZIONALIZZAZIONE DEI FABBISOGNI COME DRIVER DELLA PROGRAMMAZIONE DEGLI INVESTIMENTI PER LE AZIENDE SANITARIE: CASO STUDIO ARES SARDEGNA - Convegno Nazionale AIIC\",\"isPartOf\":{\"@id\":\"https:\/\/www.convegnonazionaleaiic.it\/#website\"},\"datePublished\":\"2023-04-21T11:02:04+00:00\",\"dateModified\":\"2023-04-21T11:02:04+00:00\",\"author\":{\"@id\":\"https:\/\/www.convegnonazionaleaiic.it\/#\/schema\/person\/e0ef119b65a94b11c87834cb0d995bd8\"},\"breadcrumb\":{\"@id\":\"https:\/\/www.convegnonazionaleaiic.it\/la-razionalizzazione-dei-fabbisogni-come-driver-della-programmazione-degli-investimenti-per-le-aziende-sanitarie-caso-studio-ares-sardegna\/#breadcrumb\"},\"inLanguage\":\"it-IT\",\"potentialAction\":[{\"@type\":\"ReadAction\",\"target\":[\"https:\/\/www.convegnonazionaleaiic.it\/la-razionalizzazione-dei-fabbisogni-come-driver-della-programmazione-degli-investimenti-per-le-aziende-sanitarie-caso-studio-ares-sardegna\/\"]}]},{\"@type\":\"BreadcrumbList\",\"@id\":\"https:\/\/www.convegnonazionaleaiic.it\/la-razionalizzazione-dei-fabbisogni-come-driver-della-programmazione-degli-investimenti-per-le-aziende-sanitarie-caso-studio-ares-sardegna\/#breadcrumb\",\"itemListElement\":[{\"@type\":\"ListItem\",\"position\":1,\"name\":\"Home\",\"item\":\"https:\/\/www.convegnonazionaleaiic.it\/\"},{\"@type\":\"ListItem\",\"position\":2,\"name\":\"LA RAZIONALIZZAZIONE DEI FABBISOGNI COME DRIVER DELLA PROGRAMMAZIONE DEGLI INVESTIMENTI PER LE AZIENDE SANITARIE: CASO STUDIO ARES SARDEGNA\"}]},{\"@type\":\"WebSite\",\"@id\":\"https:\/\/www.convegnonazionaleaiic.it\/#website\",\"url\":\"https:\/\/www.convegnonazionaleaiic.it\/\",\"name\":\"Convegno Nazionale AIIC\",\"description\":\"AIIC 2023 - Convegno Nazionale Associazione Italiana Ingegneri Clinici\",\"potentialAction\":[{\"@type\":\"SearchAction\",\"target\":{\"@type\":\"EntryPoint\",\"urlTemplate\":\"https:\/\/www.convegnonazionaleaiic.it\/?s={search_term_string}\"},\"query-input\":\"required name=search_term_string\"}],\"inLanguage\":\"it-IT\"},{\"@type\":\"Person\",\"@id\":\"https:\/\/www.convegnonazionaleaiic.it\/#\/schema\/person\/e0ef119b65a94b11c87834cb0d995bd8\",\"name\":\"algores\",\"image\":{\"@type\":\"ImageObject\",\"inLanguage\":\"it-IT\",\"@id\":\"https:\/\/www.convegnonazionaleaiic.it\/#\/schema\/person\/image\/\",\"url\":\"https:\/\/secure.gravatar.com\/avatar\/7996c5661c3d5749668b37cc47a67bc4?s=96&d=mm&r=g\",\"contentUrl\":\"https:\/\/secure.gravatar.com\/avatar\/7996c5661c3d5749668b37cc47a67bc4?s=96&d=mm&r=g\",\"caption\":\"algores\"},\"url\":\"https:\/\/www.convegnonazionaleaiic.it\/author\/algores\/\"}]}<\/script>\n<!-- \/ Yoast SEO plugin. -->","yoast_head_json":{"title":"LA RAZIONALIZZAZIONE DEI FABBISOGNI COME DRIVER DELLA PROGRAMMAZIONE DEGLI INVESTIMENTI PER LE AZIENDE SANITARIE: CASO STUDIO ARES SARDEGNA - Convegno Nazionale AIIC","robots":{"index":"index","follow":"follow","max-snippet":"max-snippet:-1","max-image-preview":"max-image-preview:large","max-video-preview":"max-video-preview:-1"},"canonical":"https:\/\/www.convegnonazionaleaiic.it\/la-razionalizzazione-dei-fabbisogni-come-driver-della-programmazione-degli-investimenti-per-le-aziende-sanitarie-caso-studio-ares-sardegna\/","og_locale":"it_IT","og_type":"article","og_title":"LA RAZIONALIZZAZIONE DEI FABBISOGNI COME DRIVER DELLA PROGRAMMAZIONE DEGLI INVESTIMENTI PER LE AZIENDE SANITARIE: CASO STUDIO ARES SARDEGNA - Convegno Nazionale AIIC","og_description":"AFFILIAZIONE ares sardegna &#8211; s.c. governo delle tecnologie sanitarie AUTORE PRINCIPALE Ing. Spissu Marco VALUTA IL CHALLENGE[ratingwidget] GRUPPO DI LAVORO Ing. Artizzu Viviana Ersilia Teresa &#8211; ares sardegna &#8211; s.c. governo delle tecnologie sanitarie, cagliari Ing. Balloccu Martina &#8211; ares sardegna &#8211; s.c. governo delle tecnologie sanitarie, cagliari Ing. Meloni Carla &#8211; ares sardegna &#8211; &hellip; Continue reading &raquo;","og_url":"https:\/\/www.convegnonazionaleaiic.it\/la-razionalizzazione-dei-fabbisogni-come-driver-della-programmazione-degli-investimenti-per-le-aziende-sanitarie-caso-studio-ares-sardegna\/","og_site_name":"Convegno Nazionale AIIC","article_published_time":"2023-04-21T11:02:04+00:00","og_image":[{"url":"https:\/\/sem2000.s3.eu-west-1.amazonaws.com\/OLC\/6243878835313962107318373\/scent\/108425__FItAKWFT.jpg"}],"author":"algores","twitter_card":"summary_large_image","twitter_misc":{"Scritto da":"algores","Tempo di lettura stimato":"2 minuti"},"schema":{"@context":"https:\/\/schema.org","@graph":[{"@type":"WebPage","@id":"https:\/\/www.convegnonazionaleaiic.it\/la-razionalizzazione-dei-fabbisogni-come-driver-della-programmazione-degli-investimenti-per-le-aziende-sanitarie-caso-studio-ares-sardegna\/","url":"https:\/\/www.convegnonazionaleaiic.it\/la-razionalizzazione-dei-fabbisogni-come-driver-della-programmazione-degli-investimenti-per-le-aziende-sanitarie-caso-studio-ares-sardegna\/","name":"LA RAZIONALIZZAZIONE DEI FABBISOGNI COME DRIVER DELLA PROGRAMMAZIONE DEGLI INVESTIMENTI PER LE AZIENDE SANITARIE: CASO STUDIO ARES SARDEGNA - Convegno Nazionale AIIC","isPartOf":{"@id":"https:\/\/www.convegnonazionaleaiic.it\/#website"},"datePublished":"2023-04-21T11:02:04+00:00","dateModified":"2023-04-21T11:02:04+00:00","author":{"@id":"https:\/\/www.convegnonazionaleaiic.it\/#\/schema\/person\/e0ef119b65a94b11c87834cb0d995bd8"},"breadcrumb":{"@id":"https:\/\/www.convegnonazionaleaiic.it\/la-razionalizzazione-dei-fabbisogni-come-driver-della-programmazione-degli-investimenti-per-le-aziende-sanitarie-caso-studio-ares-sardegna\/#breadcrumb"},"inLanguage":"it-IT","potentialAction":[{"@type":"ReadAction","target":["https:\/\/www.convegnonazionaleaiic.it\/la-razionalizzazione-dei-fabbisogni-come-driver-della-programmazione-degli-investimenti-per-le-aziende-sanitarie-caso-studio-ares-sardegna\/"]}]},{"@type":"BreadcrumbList","@id":"https:\/\/www.convegnonazionaleaiic.it\/la-razionalizzazione-dei-fabbisogni-come-driver-della-programmazione-degli-investimenti-per-le-aziende-sanitarie-caso-studio-ares-sardegna\/#breadcrumb","itemListElement":[{"@type":"ListItem","position":1,"name":"Home","item":"https:\/\/www.convegnonazionaleaiic.it\/"},{"@type":"ListItem","position":2,"name":"LA RAZIONALIZZAZIONE DEI FABBISOGNI COME DRIVER DELLA PROGRAMMAZIONE DEGLI INVESTIMENTI PER LE AZIENDE SANITARIE: CASO STUDIO ARES SARDEGNA"}]},{"@type":"WebSite","@id":"https:\/\/www.convegnonazionaleaiic.it\/#website","url":"https:\/\/www.convegnonazionaleaiic.it\/","name":"Convegno Nazionale AIIC","description":"AIIC 2023 - Convegno Nazionale Associazione Italiana Ingegneri Clinici","potentialAction":[{"@type":"SearchAction","target":{"@type":"EntryPoint","urlTemplate":"https:\/\/www.convegnonazionaleaiic.it\/?s={search_term_string}"},"query-input":"required name=search_term_string"}],"inLanguage":"it-IT"},{"@type":"Person","@id":"https:\/\/www.convegnonazionaleaiic.it\/#\/schema\/person\/e0ef119b65a94b11c87834cb0d995bd8","name":"algores","image":{"@type":"ImageObject","inLanguage":"it-IT","@id":"https:\/\/www.convegnonazionaleaiic.it\/#\/schema\/person\/image\/","url":"https:\/\/secure.gravatar.com\/avatar\/7996c5661c3d5749668b37cc47a67bc4?s=96&d=mm&r=g","contentUrl":"https:\/\/secure.gravatar.com\/avatar\/7996c5661c3d5749668b37cc47a67bc4?s=96&d=mm&r=g","caption":"algores"},"url":"https:\/\/www.convegnonazionaleaiic.it\/author\/algores\/"}]}},"_links":{"self":[{"href":"https:\/\/www.convegnonazionaleaiic.it\/wp-json\/wp\/v2\/posts\/7233"}],"collection":[{"href":"https:\/\/www.convegnonazionaleaiic.it\/wp-json\/wp\/v2\/posts"}],"about":[{"href":"https:\/\/www.convegnonazionaleaiic.it\/wp-json\/wp\/v2\/types\/post"}],"author":[{"embeddable":true,"href":"https:\/\/www.convegnonazionaleaiic.it\/wp-json\/wp\/v2\/users\/1"}],"replies":[{"embeddable":true,"href":"https:\/\/www.convegnonazionaleaiic.it\/wp-json\/wp\/v2\/comments?post=7233"}],"version-history":[{"count":0,"href":"https:\/\/www.convegnonazionaleaiic.it\/wp-json\/wp\/v2\/posts\/7233\/revisions"}],"wp:attachment":[{"href":"https:\/\/www.convegnonazionaleaiic.it\/wp-json\/wp\/v2\/media?parent=7233"}],"wp:term":[{"taxonomy":"category","embeddable":true,"href":"https:\/\/www.convegnonazionaleaiic.it\/wp-json\/wp\/v2\/categories?post=7233"},{"taxonomy":"post_tag","embeddable":true,"href":"https:\/\/www.convegnonazionaleaiic.it\/wp-json\/wp\/v2\/tags?post=7233"}],"curies":[{"name":"wp","href":"https:\/\/api.w.org\/{rel}","templated":true}]}}